{"id":3187,"date":"2016-08-18T17:39:12","date_gmt":"2016-08-18T15:39:12","guid":{"rendered":"http:\/\/www.meier-gerdingh.de\/spd-oberhausen\/wp\/?p=3187"},"modified":"2016-09-06T08:26:05","modified_gmt":"2016-09-06T06:26:05","slug":"gesucht-ideen-fuer-arbeit-leben-in-oberhausen","status":"publish","type":"post","link":"https:\/\/meier-gerdingh.de\/wp-spd-ob\/2016\/08\/18\/gesucht-ideen-fuer-arbeit-leben-in-oberhausen\/","title":{"rendered":"Gesucht: Ideen f\u00fcr Arbeit &#038; Leben in Oberhausen"},"content":{"rendered":"<p><a href=\"http:\/\/meier-gerdingh.de\/wp-spd-ob\/wp-content\/uploads\/logo_spd_oberhausen.png\"><img decoding=\"async\" src=\"http:\/\/meier-gerdingh.de\/wp-spd-ob\/wp-content\/uploads\/logo_spd_oberhausen.png\" alt=\"logo_spd_oberhausen\" width=\"174\" height=\"174\" class=\"alignleft size-full wp-image-1519\" srcset=\"https:\/\/meier-gerdingh.de\/wp-spd-ob\/wp-content\/uploads\/logo_spd_oberhausen.png 174w, https:\/\/meier-gerdingh.de\/wp-spd-ob\/wp-content\/uploads\/logo_spd_oberhausen-150x150.png 150w\" sizes=\"(max-width: 174px) 100vw, 174px\" \/><\/a>Die Oberhausener SPD l\u00e4dt am 31.08.2016 um 18.30 Uhr zum \u00f6ffentlichen Forum Stadtentwicklung ins Zentrum Altenberg ein.<\/p>\n<p>Die Weichen daf\u00fcr, wie sich unsere Stadt in den kommenden zehn bis zwanzig Jahren entwickeln wird, werden heute schon gestellt. Wir \u2013 die Oberhausener SPD \u2013 m\u00f6chten diese Entwicklung aktiv beeinflussen und haben zu Beginn diesen Jahres ein Forum Stadtentwicklung eingerichtet, in dem Mitglieder mit Fachleuten und Interessierten Ideen f\u00fcr Arbeit &#038; Leben in Oberhausen erarbeiten wollen.<\/p>\n<p>Nach der Sommerpause wollen wir mit einer gro\u00dfen, beteiligungsorientierten und \u00f6ffentlichen Veranstaltung die Diskussion mit interessierten B\u00fcrgerinnen und B\u00fcrgern suchen und laden f\u00fcr  <\/p>\n<p><strong>Mittwoch, 31.08.2016, um 18.30 Uhr,<\/p>\n<p>ins Zentrum Altenberg (Schlosserei),<br \/>\nHansastra\u00dfe 20, 46049 Oberhausen,<\/strong><\/p>\n<p>zu einem <strong>b\u00fcrgeroffenen Forum Stadtentwicklung<\/strong> sehr herzlich ein.  <\/p>\n<p>An diesem Abend wollen wir unter Einbeziehung von Experten mehrere Themen-Tische bilden und Ideen zu folgenden Fragen entwickeln:  <\/p>\n<ul>\n<li>Wie sehen die Anforderungen an das Leben in unseren Stadtteilen von Morgen aus?<\/li>\n<li>Welche Wohnformen brauchen wir, um das Miteinander in unserer Stadt zu f\u00f6rdern?<\/li>\n<li>Wie schaffen wir attraktive R\u00e4ume f\u00fcr Wirtschaft und Arbeitspl\u00e4tze in unserer Stadt?<\/li>\n<\/ul>\n<p>Wir w\u00fcrden uns freuen, m\u00f6glichst viele interessierte B\u00fcrgerinnen und B\u00fcrgern am 31.08. im Zentrum Altenberg begr\u00fc\u00dfen zu k\u00f6nnen!<\/p>\n<p>F\u00fcr R\u00fcckfragen stehen wir unter <strong>(0208) 2 33 34<\/strong> sowie unter <a href=\"mailto:ub.oberhausen.nrw@spd.de\">ub.oberhausen.nrw@spd.de<\/a> f\u00fcr R\u00fcckfragen gerne zur Verf\u00fcgung! <\/p>\n","protected":false},"excerpt":{"rendered":"<p>Die Oberhausener SPD l\u00e4dt am 31.08.2016 um 18.30 Uhr zum \u00f6ffentlichen Forum Stadtentwicklung ins Zentrum Altenberg ein. Die Weichen daf\u00fcr, wie sich unsere Stadt in den kommenden zehn bis zwanzig&hellip; <\/p>\n","protected":false},"author":1,"featured_media":0,"comment_status":"closed","ping_status":"closed","sticky":false,"template":"","format":"standard","meta":{"footnotes":""},"categories":[16],"tags":[832],"quellen":[327],"class_list":["post-3187","post","type-post","status-publish","format-standard","hentry","category-stadtentwicklung","tag-forum-stadtentwicklung","quellen-spd-unterbezirk-oberhausen"],"_links":{"self":[{"href":"https:\/\/meier-gerdingh.de\/wp-spd-ob\/wp-json\/wp\/v2\/posts\/3187","targetHints":{"allow":["GET"]}}],"collection":[{"href":"https:\/\/meier-gerdingh.de\/wp-spd-ob\/wp-json\/wp\/v2\/posts"}],"about":[{"href":"https:\/\/meier-gerdingh.de\/wp-spd-ob\/wp-json\/wp\/v2\/types\/post"}],"author":[{"embeddable":true,"href":"https:\/\/meier-gerdingh.de\/wp-spd-ob\/wp-json\/wp\/v2\/users\/1"}],"replies":[{"embeddable":true,"href":"https:\/\/meier-gerdingh.de\/wp-spd-ob\/wp-json\/wp\/v2\/comments?post=3187"}],"version-history":[{"count":0,"href":"https:\/\/meier-gerdingh.de\/wp-spd-ob\/wp-json\/wp\/v2\/posts\/3187\/revisions"}],"wp:attachment":[{"href":"https:\/\/meier-gerdingh.de\/wp-spd-ob\/wp-json\/wp\/v2\/media?parent=3187"}],"wp:term":[{"taxonomy":"category","embeddable":true,"href":"https:\/\/meier-gerdingh.de\/wp-spd-ob\/wp-json\/wp\/v2\/categories?post=3187"},{"taxonomy":"post_tag","embeddable":true,"href":"https:\/\/meier-gerdingh.de\/wp-spd-ob\/wp-json\/wp\/v2\/tags?post=3187"},{"taxonomy":"quellen","embeddable":true,"href":"https:\/\/meier-gerdingh.de\/wp-spd-ob\/wp-json\/wp\/v2\/quellen?post=3187"}],"curies":[{"name":"wp","href":"https:\/\/api.w.org\/{rel}","templated":true}]}}