{"id":3191,"date":"2016-08-23T18:01:21","date_gmt":"2016-08-23T16:01:21","guid":{"rendered":"http:\/\/www.meier-gerdingh.de\/spd-oberhausen\/wp\/?p=3191"},"modified":"2016-12-06T20:59:42","modified_gmt":"2016-12-06T19:59:42","slug":"spd-fraktion-begruesst-ende-der-flaechenblockade-auf-dem-waldteich-gelaende","status":"publish","type":"post","link":"https:\/\/meier-gerdingh.de\/wp-spd-ob\/2016\/08\/23\/spd-fraktion-begruesst-ende-der-flaechenblockade-auf-dem-waldteich-gelaende\/","title":{"rendered":"SPD-Fraktion begr\u00fc\u00dft Ende der Fl\u00e4chenblockade auf dem Waldteich-Gel\u00e4nde"},"content":{"rendered":"<div id=\"attachment_2033\" style=\"width: 150px\" class=\"wp-caption alignleft\"><a href=\"http:\/\/meier-gerdingh.de\/wp-spd-ob\/wp-content\/uploads\/real_ulrich_14.jpg\"><img aria-describedby=\"caption-attachment-2033\" decoding=\"async\" class=\"size-full wp-image-2033\" src=\"http:\/\/meier-gerdingh.de\/wp-spd-ob\/wp-content\/uploads\/real_ulrich_14.jpg\" alt=\"Ulrich Real ist Mitglied des Rates und Bezirksb\u00fcrgermeister von Sterkrade\" width=\"140\" height=\"170\" srcset=\"https:\/\/meier-gerdingh.de\/wp-spd-ob\/wp-content\/uploads\/real_ulrich_14.jpg 140w, https:\/\/meier-gerdingh.de\/wp-spd-ob\/wp-content\/uploads\/real_ulrich_14-123x150.jpg 123w\" sizes=\"(max-width: 140px) 100vw, 140px\" \/><\/a><p id=\"caption-attachment-2033\" class=\"wp-caption-text\">Ulrich Real ist Mitglied des Rates und Bezirksb\u00fcrgermeister von Sterkrade<\/p><\/div>\n<p>Nach dem wiederholten und jetzt wohl auch endg\u00fcltigen Scheitern der Thyssen-Pl\u00e4ne, auf dem Waldteich-Gel\u00e4nde ein R\u00f6hren-Logistik-Zentrum zu errichten, fordert die SPD-Ratsfraktion eine schnelle und wirksame Entwicklung dieser wichtigen Gewerbefl\u00e4che. <\/p>\n<p>&#8222;Seit mehr als f\u00fcnf Jahren liegt diese riesige Fl\u00e4che brach und ungenutzt, obwohl wir in Oberhausen dringend Gewerbefl\u00e4chen f\u00fcr kleinere und mittlere Betriebe ben\u00f6tigen&#8220;, beklagt Ulrich Real (SPD), der Sterkrader Bezirksb\u00fcrgermeister. Und er fordert, dass jetzt Stadt und Wirtschaftsf\u00f6rderung gemeinsam mit dem Eigent\u00fcmer m\u00f6glichst schnell ein Entwicklungskonzept auf den Tisch legen. Ob \u00fcberhaupt nach der Abkehr von der Gro\u00df-Logistik eine Neuaufstellung des Bebauungsplans erforderlich ist, gelte es als Erstes pragmatisch zu pr\u00fcfen.<!--more--><\/p>\n<p>Ulrich Real: &#8222;F\u00fcr uns hat die Schaffung neuer Arbeitspl\u00e4tze die oberste Priorit\u00e4t. Eine schnelle und realistische Ansiedlungsperspektive f\u00fcr kleinere und mittlere Unternehmen ist jetzt erforderlich. Wir haben hier schon viel zu viel Zeit verloren.&#8220; So habe schon im Februar 2014 der damalige Bezirksb\u00fcrgermeister Dieter Jan\u00dfen mit einer kleinen Anfrage angeregt, eine Alternative zur Thyssen-Logistik planerisch vorzubereiten.<\/p>\n","protected":false},"excerpt":{"rendered":"<p>Nach dem wiederholten und jetzt wohl auch endg\u00fcltigen Scheitern der Thyssen-Pl\u00e4ne, auf dem Waldteich-Gel\u00e4nde ein R\u00f6hren-Logistik-Zentrum zu errichten, fordert die SPD-Ratsfraktion eine schnelle und wirksame Entwicklung dieser wichtigen Gewerbefl\u00e4che. &#8222;Seit&hellip; <\/p>\n","protected":false},"author":1,"featured_media":0,"comment_status":"closed","ping_status":"closed","sticky":false,"template":"","format":"standard","meta":{"footnotes":""},"categories":[311],"tags":[843,842,841,844,840,15],"quellen":[326],"class_list":["post-3191","post","type-post","status-publish","format-standard","hentry","category-wirtschaft","tag-gewerbeflaechen","tag-logistik-zentrum","tag-thyssen","tag-unternehmensansiedlungen","tag-waldteich-gelaende","tag-wirtschaftsfoerderung","quellen-spd-fraktion-oberhausen"],"_links":{"self":[{"href":"https:\/\/meier-gerdingh.de\/wp-spd-ob\/wp-json\/wp\/v2\/posts\/3191","targetHints":{"allow":["GET"]}}],"collection":[{"href":"https:\/\/meier-gerdingh.de\/wp-spd-ob\/wp-json\/wp\/v2\/posts"}],"about":[{"href":"https:\/\/meier-gerdingh.de\/wp-spd-ob\/wp-json\/wp\/v2\/types\/post"}],"author":[{"embeddable":true,"href":"https:\/\/meier-gerdingh.de\/wp-spd-ob\/wp-json\/wp\/v2\/users\/1"}],"replies":[{"embeddable":true,"href":"https:\/\/meier-gerdingh.de\/wp-spd-ob\/wp-json\/wp\/v2\/comments?post=3191"}],"version-history":[{"count":0,"href":"https:\/\/meier-gerdingh.de\/wp-spd-ob\/wp-json\/wp\/v2\/posts\/3191\/revisions"}],"wp:attachment":[{"href":"https:\/\/meier-gerdingh.de\/wp-spd-ob\/wp-json\/wp\/v2\/media?parent=3191"}],"wp:term":[{"taxonomy":"category","embeddable":true,"href":"https:\/\/meier-gerdingh.de\/wp-spd-ob\/wp-json\/wp\/v2\/categories?post=3191"},{"taxonomy":"post_tag","embeddable":true,"href":"https:\/\/meier-gerdingh.de\/wp-spd-ob\/wp-json\/wp\/v2\/tags?post=3191"},{"taxonomy":"quellen","embeddable":true,"href":"https:\/\/meier-gerdingh.de\/wp-spd-ob\/wp-json\/wp\/v2\/quellen?post=3191"}],"curies":[{"name":"wp","href":"https:\/\/api.w.org\/{rel}","templated":true}]}}