{"id":3193,"date":"2016-08-28T18:08:48","date_gmt":"2016-08-28T16:08:48","guid":{"rendered":"http:\/\/www.meier-gerdingh.de\/spd-oberhausen\/wp\/?p=3193"},"modified":"2016-12-04T11:09:53","modified_gmt":"2016-12-04T10:09:53","slug":"mehr-in-die-fruehkindliche-bildung-investieren","status":"publish","type":"post","link":"https:\/\/meier-gerdingh.de\/wp-spd-ob\/2016\/08\/28\/mehr-in-die-fruehkindliche-bildung-investieren\/","title":{"rendered":"Mehr in die fr\u00fchkindliche Bildung investieren!"},"content":{"rendered":"<div id=\"attachment_3196\" style=\"width: 250px\" class=\"wp-caption alignleft\"><a href=\"http:\/\/meier-gerdingh.de\/wp-spd-ob\/wp-content\/uploads\/bongers_zimkeit_awo_kte_2016.jpg\"><img aria-describedby=\"caption-attachment-3196\" decoding=\"async\" class=\"size-full wp-image-3196\" src=\"http:\/\/meier-gerdingh.de\/wp-spd-ob\/wp-content\/uploads\/bongers_zimkeit_awo_kte_2016.jpg\" alt=\"Gisela Larisch, Sonja Bongers, MdL Stefan Zimkeiit und AWO-Gesch\u00e4ftsf\u00fchrer Jochen Kamps\" width=\"240\" height=\"165\" \/><\/a><p id=\"caption-attachment-3196\" class=\"wp-caption-text\">Gisela Larisch, Sonja Bongers, MdL Stefan Zimkeiit und AWO-Gesch\u00e4ftsf\u00fchrer Jochen Kamps<\/p><\/div>\n<p>Stefan Zimkeit hat zusammen mit Ratsmitglied Sonja Bongers das Kinder- und Familienzentrum der AWO an der Schwarzwaldstra\u00dfe besucht. &#8222;Wir wollen gleich gute Bildungschancen f\u00fcr alle Kinder. Deshalb haben wir die Landesmittel f\u00fcr Kinder mehr als verdoppelt und in diesem Monat die Kita-Pauschalen deutlich aufgestockt&#8220;, hatte der Landtagsabgeordnete Zimkeit eine gute Nachricht dabei. &#8222;Denn viele Tr\u00e4gerverb\u00e4nde haben unter den hohen Kostensteigerungen gelitten.&#8220; Au\u00dferdem werde die j\u00e4hrliche Erh\u00f6hung der Zuweisungen von 1,5 auf 3 Prozent verdoppelt.<!--more--><\/p>\n<p>&#8222;Wir brauchen in den Kitas gut qualifizierte Erzieherinnen, die auch entsprechend bezahlt werden m\u00fcssen&#8220;, ist Zimkeit \u00fcberzeugt. Kita-Leiterin Gisela Larisch best\u00e4tigte dies und wies darauf hin, dass neben der Ausbildung regelm\u00e4\u00dfige Fort- und Weiterbildung sowie ausreichende Verf\u00fcgungszeiten ein Garant f\u00fcr die Qualit\u00e4t und Weiterentwicklung der allt\u00e4glichen Arbeit bilden. Den zunehmenden Fachkr\u00e4ftemangel nehme auch die AWO sehr deutlich wahr, &#8222;verbandspolitisch versuchen wir hier neue Weichen zu stellen&#8220;, erl\u00e4uterte Larisch, wie der prek\u00e4ren Situation in Oberhausen begegnet wird.<\/p>\n<p>&#8222;Es ist richtig, mit Bildung bei den Kleinsten anzufangen&#8220;, sagte AWO-Gesch\u00e4ftsf\u00fchrer Jochen Kamps, &#8222;deshalb verfolgt das Land mit einer verst\u00e4rkten F\u00f6rderung der Kitas den richtigen Ansatz.&#8220; Gisela Larisch best\u00e4tigte, dass sich viel getan habe, sie w\u00fcnsche sich aber weitere Qualit\u00e4tsverbesserungen bei den Kitas. Zudem forderte sie einen Abbau von B\u00fcrokratie und eine verst\u00e4rkte Entlastung von Kindergartenleitungen. &#8222;Die Leitung einer Kita, insbesondere eines Familienzentrums, ist eine Managementaufgabe, f\u00fcr die es Zeit braucht.&#8220;<\/p>\n<p>Larisch beklagte, dass in Oberhausen Elternbeitr\u00e4ge f\u00fcr den Kitabesuch zu zahlen sind, w\u00e4hrend die Einrichtungen in D\u00fcsseldorf geb\u00fchrenfrei sind. &#8222;Ich finde, Bildungsangebote m\u00fcssen kostenfrei sein, auch in der Kita.&#8220; Sonja Bongers kritisierte, dass die CDU das beitragsfreie dritte Kindergartenjahr wieder abschaffen m\u00f6chte und lieber den Eltern in die Tasche greife. &#8222;Ziel der SPD in NRW ist es, dass die Kitas komplett kostenfrei sind.&#8220;<\/p>\n<p>Integration wird im Schwarzwaldstra\u00dfen-Kindergarten gro\u00df geschrieben. Die Kinder, die die M\u00f6glichkeit haben, bereits mit einem Jahr in eine Einrichtung zu kommen, w\u00fcrde davon sehr profitieren, sowohl bei der Sprachentwicklung als auch im Sozialverhalten, so Gisela Larisch. Deshalb beteiligt sich die AWO-Kita auch an den Br\u00fcckenprojekten f\u00fcr Fl\u00fcchtlingsfamilien und bietet mit dem Konzept &#8222;Du bist willkommen&#8220; eine Eltern-Kind-Spielgruppe an.<\/p>\n","protected":false},"excerpt":{"rendered":"<p>Stefan Zimkeit hat zusammen mit Ratsmitglied Sonja Bongers das Kinder- und Familienzentrum der AWO an der Schwarzwaldstra\u00dfe besucht. &#8222;Wir wollen gleich gute Bildungschancen f\u00fcr alle Kinder. Deshalb haben wir die&hellip; <\/p>\n","protected":false},"author":1,"featured_media":0,"comment_status":"closed","ping_status":"closed","sticky":false,"template":"","format":"standard","meta":{"footnotes":""},"categories":[179],"tags":[848,850,609,164,604,849,778,245],"quellen":[331],"class_list":["post-3193","post","type-post","status-publish","format-standard","hentry","category-kinder-und-jugendliche","tag-awo-oberhausen","tag-beitragsfreiheit-kitas","tag-familienzentren","tag-kindertageseinrichtungen","tag-kindertagesstaetten","tag-kita","tag-kita-gebuehren","tag-landesmittel","quellen-mdl-stefan-zimkeit"],"_links":{"self":[{"href":"https:\/\/meier-gerdingh.de\/wp-spd-ob\/wp-json\/wp\/v2\/posts\/3193","targetHints":{"allow":["GET"]}}],"collection":[{"href":"https:\/\/meier-gerdingh.de\/wp-spd-ob\/wp-json\/wp\/v2\/posts"}],"about":[{"href":"https:\/\/meier-gerdingh.de\/wp-spd-ob\/wp-json\/wp\/v2\/types\/post"}],"author":[{"embeddable":true,"href":"https:\/\/meier-gerdingh.de\/wp-spd-ob\/wp-json\/wp\/v2\/users\/1"}],"replies":[{"embeddable":true,"href":"https:\/\/meier-gerdingh.de\/wp-spd-ob\/wp-json\/wp\/v2\/comments?post=3193"}],"version-history":[{"count":0,"href":"https:\/\/meier-gerdingh.de\/wp-spd-ob\/wp-json\/wp\/v2\/posts\/3193\/revisions"}],"wp:attachment":[{"href":"https:\/\/meier-gerdingh.de\/wp-spd-ob\/wp-json\/wp\/v2\/media?parent=3193"}],"wp:term":[{"taxonomy":"category","embeddable":true,"href":"https:\/\/meier-gerdingh.de\/wp-spd-ob\/wp-json\/wp\/v2\/categories?post=3193"},{"taxonomy":"post_tag","embeddable":true,"href":"https:\/\/meier-gerdingh.de\/wp-spd-ob\/wp-json\/wp\/v2\/tags?post=3193"},{"taxonomy":"quellen","embeddable":true,"href":"https:\/\/meier-gerdingh.de\/wp-spd-ob\/wp-json\/wp\/v2\/quellen?post=3193"}],"curies":[{"name":"wp","href":"https:\/\/api.w.org\/{rel}","templated":true}]}}