{"id":324,"date":"2004-02-18T17:00:00","date_gmt":"2004-02-18T15:00:00","guid":{"rendered":"http:\/\/www.meier-gerdingh.de\/spd-oberhausen\/wp\/?p=324"},"modified":"2017-05-14T14:02:51","modified_gmt":"2017-05-14T12:02:51","slug":"klaus-wehling-ist-ob-kandidat-der-oberhausener-spd","status":"publish","type":"post","link":"https:\/\/meier-gerdingh.de\/wp-spd-ob\/2004\/02\/18\/klaus-wehling-ist-ob-kandidat-der-oberhausener-spd\/","title":{"rendered":"Klaus Wehling ist OB-Kandidat der Oberhausener SPD"},"content":{"rendered":"<div style=\"width: 150px\" class=\"wp-caption alignleft\"><a href=\"http:\/\/meier-gerdingh.de\/wp-spd-ob\/wp-content\/uploads\/wehling.jpg\"><img decoding=\"async\" class=\"size-full\" src=\"http:\/\/meier-gerdingh.de\/wp-spd-ob\/wp-content\/uploads\/wehling.jpg\" alt=\"Klaus Wehling: Der neue OB-Kandidat der Oberhausener SPD\" width=\"140\" height=\"191\" \/><\/a><p class=\"wp-caption-text\">Klaus Wehling: Der neue OB-Kandidat der Oberhausener SPD<\/p><\/div>\n<p>Einstimmig hat der UB-Vorstand der Oberhausener SPD am heutigen Mittwoch den bisherigen Ersten B\u00fcrgermeister Klaus Wehling zum SPD-Kandidaten f\u00fcr das Oberb\u00fcrgermeisteramt nominiert. Keine zehn Tage nach dem Verzicht von Burkhard Drescher auf eine erneute Kandidatur steht damit fest: Unbeeindruckt von allen \u00f6ffentlichen Personalspekulationen haben die Oberhausener Sozialdemokraten mit gro\u00dfer Disziplin und Geschlossenheit ihren angek\u00fcndigten Fahrplan eingehalten und einen hervorragenden Kandidaten benannt, der bereits heute das Vertrauen vieler B\u00fcrgerinnen und B\u00fcrger unserer Stadt genie\u00dft.<!--more--><\/p>\n<p>Klaus Wehling ist 56 Jahre alt, verheiratet und Vater von zwei erwachsenen S\u00f6hnen. Dem Rat der Stadt geh\u00f6rt er seit 1979 an, wo er sich zun\u00e4chst in der kommunalen Sozialpolitik einen Namen machte. Von 1994 bis 1998 war er Vorsteher der Bezirksvertretung Alt-Oberhausen. Seit 1998 ist er Erster B\u00fcrgermeister unserer Stadt. Harte Arbeit, B\u00fcrgern\u00e4he und soziale Kompetenz: Das sind die drei wichtigsten Eigenschaften, die den neuen OB-Kandidaten auszeichnen.<\/p>\n<p>Als optimale Entscheidung f\u00fcr Oberhausen und die SPD bewerten der UB-Vorsitzende Hardy Schmidt und SPD-Fraktionschef Wolfgang Gro\u00dfe Br\u00f6mer den heutigen Personalvorschlag des Parteivorstands:<\/p>\n<p>&#8222;Mit Klaus Wehling als Oberb\u00fcrgermeister werden wir die Oberhausener Erfolgsgeschichte im Interesse der Menschen unserer Stadt fortsetzen. Er hat die volle Unterst\u00fctzung von Partei und Fraktion. Die Oberhausener SPD geht hochmotiviert, engagiert und geschlossen in den Kommunalwahlkampf. Wir k\u00f6nnen<br \/>\ngewinnen. Wir werden gewinnen.&#8220;<\/p>\n","protected":false},"excerpt":{"rendered":"<p>Einstimmig hat der UB-Vorstand der Oberhausener SPD am heutigen Mittwoch den bisherigen Ersten B\u00fcrgermeister Klaus Wehling zum SPD-Kandidaten f\u00fcr das Oberb\u00fcrgermeisteramt nominiert. Keine zehn Tage nach dem Verzicht von Burkhard&hellip; <\/p>\n","protected":false},"author":1,"featured_media":0,"comment_status":"closed","ping_status":"closed","sticky":false,"template":"","format":"standard","meta":{"footnotes":""},"categories":[1],"tags":[],"quellen":[],"class_list":["post-324","post","type-post","status-publish","format-standard","hentry","category-allgemein"],"_links":{"self":[{"href":"https:\/\/meier-gerdingh.de\/wp-spd-ob\/wp-json\/wp\/v2\/posts\/324","targetHints":{"allow":["GET"]}}],"collection":[{"href":"https:\/\/meier-gerdingh.de\/wp-spd-ob\/wp-json\/wp\/v2\/posts"}],"about":[{"href":"https:\/\/meier-gerdingh.de\/wp-spd-ob\/wp-json\/wp\/v2\/types\/post"}],"author":[{"embeddable":true,"href":"https:\/\/meier-gerdingh.de\/wp-spd-ob\/wp-json\/wp\/v2\/users\/1"}],"replies":[{"embeddable":true,"href":"https:\/\/meier-gerdingh.de\/wp-spd-ob\/wp-json\/wp\/v2\/comments?post=324"}],"version-history":[{"count":0,"href":"https:\/\/meier-gerdingh.de\/wp-spd-ob\/wp-json\/wp\/v2\/posts\/324\/revisions"}],"wp:attachment":[{"href":"https:\/\/meier-gerdingh.de\/wp-spd-ob\/wp-json\/wp\/v2\/media?parent=324"}],"wp:term":[{"taxonomy":"category","embeddable":true,"href":"https:\/\/meier-gerdingh.de\/wp-spd-ob\/wp-json\/wp\/v2\/categories?post=324"},{"taxonomy":"post_tag","embeddable":true,"href":"https:\/\/meier-gerdingh.de\/wp-spd-ob\/wp-json\/wp\/v2\/tags?post=324"},{"taxonomy":"quellen","embeddable":true,"href":"https:\/\/meier-gerdingh.de\/wp-spd-ob\/wp-json\/wp\/v2\/quellen?post=324"}],"curies":[{"name":"wp","href":"https:\/\/api.w.org\/{rel}","templated":true}]}}