{"id":326,"date":"2004-03-02T17:00:00","date_gmt":"2004-03-02T15:00:00","guid":{"rendered":"http:\/\/www.meier-gerdingh.de\/spd-oberhausen\/wp\/?p=326"},"modified":"2017-05-14T14:02:43","modified_gmt":"2017-05-14T12:02:43","slug":"spd-schulpolitiker-informierten-sich-an-der-knappengrundschule","status":"publish","type":"post","link":"https:\/\/meier-gerdingh.de\/wp-spd-ob\/2004\/03\/02\/spd-schulpolitiker-informierten-sich-an-der-knappengrundschule\/","title":{"rendered":"SPD-Schulpolitiker informierten sich an der Knappengrundschule"},"content":{"rendered":"<div style=\"width: 150px\" class=\"wp-caption alignleft\"><a href=\"http:\/\/meier-gerdingh.de\/wp-spd-ob\/wp-content\/uploads\/knappenschule.jpg\"><img decoding=\"async\" class=\"size-full\" src=\"http:\/\/meier-gerdingh.de\/wp-spd-ob\/wp-content\/uploads\/knappenschule.jpg\" alt=\"Zu Besuch an der Knappengrundschule: Mitglieder des AK Schule der SPD-Fraktion\" width=\"140\" height=\"185\" \/><\/a><p class=\"wp-caption-text\">Zu Besuch an der Knappengrundschule: Mitglieder des AK Schule der SPD-Fraktion<\/p><\/div>\n<p>Die offene Ganztagsschule trifft auf gro\u00dfe Zustimmung bei den Eltern, davon konnte sich der Arbeitskreis Schule der SPD-Ratsfraktion bei einem Besuch der Knappengrundschule \u00fcberzeugen. Wie die Schulleiterin Dorothee Stappert und die f\u00fcr die offene Ganztagsgrundschule zust\u00e4ndige Frau Serwi darstellten, wird an der Knappenschule zum einen die Betreuung der Kinder von 7.30 Uhr bis mindestens 16.00 Uhr gew\u00e4hrleistet, zum anderen legen die Verantwortlichen gro\u00dfen Wert auf die gezielte F\u00f6rderung der Sch\u00fclerinnen und Sch\u00fclern.<!--more--><\/p>\n<p>Zum Angebot der offenen Ganztagsgrundschule an der Knappenschule geh\u00f6ren u.a. eine t\u00e4gliche Hausaufgabenhilfe und Sportangebote.<\/p>\n<p>Die Sozialdemokraten zeigten sich begeistert vom gro\u00dfen Engagement, mit dem die offene Ganztagsgrundschule an der Knappenschule umgesetzt wird. Insbesondere die enge Zusammenarbeit mit der Jugendeinrichtung &#8222;Parkhaus&#8220; wurde sehr positiv bewertet. Diese Zusammenarbeit sei vorbildlich und zeige, dass die vom Land angestrebte enge Zusammenarbeit zwischen Schulen und offener Jugendarbeit in die richtige Richtung weise, so der Oberhausener Landtagsabgeordnete und SPD-Ratsfraktionsvorsitzende Wolfgang Gro\u00dfe Br\u00f6mer.<\/p>\n<p>Stefan Kutsch als Vertreter der Jugendeinrichtung Parkhaus und Robert May vom Katholischen Jugendamt verwiesen auf Raumprobleme, die durch den Abriss von Containern der Jugendeinrichtung entstanden seien. Die Vertreter der SPD sicherten zu, dieses Problem gegen\u00fcber der Stadtverwaltung anzusprechen.<\/p>\n<p>Grunds\u00e4tzlich sehen sich die SPD-Bildungspolitiker durch ihren Besuch der Knappenschule best\u00e4tigt. Sie hatten im letzten Jahr die Einf\u00fchrung der offenen Ganztagsschule auf den Weg gebracht. Dies sei zwar auf den Widerstand der CDU getroffen, die Praxis u.a. an der Knappenschule zeige aber, dass sich das Projekt positiv entwickelt. Dies mache auch die gro\u00dfe Nachfrage weiterer Grundschulen deutlich, die sich am Projekt beteiligen wollen.<\/p>\n<p>&#8222;Ziel der SPD ist es, f\u00fcr das n\u00e4chste Schuljahr m\u00f6glichst viele weitere offene Ganztagsgrundschulen einzurichten&#8220;, betonte Stefan Zimkeit, Leiter des SPD-Arbeitskreises Schule. Dies sei im Interesse der Sch\u00fclerinnen und Sch\u00fcler, der Eltern und der Schulen.<\/p>\n<p>Zudem strebt die SPD Fraktion an, die F\u00f6rderm\u00f6glichkeiten an der offenen Ganztagsgrundschule weiter zu verbessern. Ein weiterer Schritt k\u00f6nne hier die Erweiterung der Sprachf\u00f6rderung sein.<\/p>\n<p>F\u00fcr die Knappenschule machten die Schulleiterin Frau Stappert und die Betreuungskraft Frau Serwi deutlich, dass die offene Ganztagsschule sich positiv auf die Entwicklung der Kinder auswirke. Nach Eindruck von Eltern und Lehrern entwickelten die Kinder im Rahmen der Betreuung mehr Selbstbewusstsein und mehr Selbstst\u00e4ndigkeit.<\/p>\n","protected":false},"excerpt":{"rendered":"<p>Die offene Ganztagsschule trifft auf gro\u00dfe Zustimmung bei den Eltern, davon konnte sich der Arbeitskreis Schule der SPD-Ratsfraktion bei einem Besuch der Knappengrundschule \u00fcberzeugen. Wie die Schulleiterin Dorothee Stappert und&hellip; <\/p>\n","protected":false},"author":1,"featured_media":0,"comment_status":"closed","ping_status":"closed","sticky":false,"template":"","format":"standard","meta":{"footnotes":""},"categories":[1],"tags":[],"quellen":[],"class_list":["post-326","post","type-post","status-publish","format-standard","hentry","category-allgemein"],"_links":{"self":[{"href":"https:\/\/meier-gerdingh.de\/wp-spd-ob\/wp-json\/wp\/v2\/posts\/326","targetHints":{"allow":["GET"]}}],"collection":[{"href":"https:\/\/meier-gerdingh.de\/wp-spd-ob\/wp-json\/wp\/v2\/posts"}],"about":[{"href":"https:\/\/meier-gerdingh.de\/wp-spd-ob\/wp-json\/wp\/v2\/types\/post"}],"author":[{"embeddable":true,"href":"https:\/\/meier-gerdingh.de\/wp-spd-ob\/wp-json\/wp\/v2\/users\/1"}],"replies":[{"embeddable":true,"href":"https:\/\/meier-gerdingh.de\/wp-spd-ob\/wp-json\/wp\/v2\/comments?post=326"}],"version-history":[{"count":0,"href":"https:\/\/meier-gerdingh.de\/wp-spd-ob\/wp-json\/wp\/v2\/posts\/326\/revisions"}],"wp:attachment":[{"href":"https:\/\/meier-gerdingh.de\/wp-spd-ob\/wp-json\/wp\/v2\/media?parent=326"}],"wp:term":[{"taxonomy":"category","embeddable":true,"href":"https:\/\/meier-gerdingh.de\/wp-spd-ob\/wp-json\/wp\/v2\/categories?post=326"},{"taxonomy":"post_tag","embeddable":true,"href":"https:\/\/meier-gerdingh.de\/wp-spd-ob\/wp-json\/wp\/v2\/tags?post=326"},{"taxonomy":"quellen","embeddable":true,"href":"https:\/\/meier-gerdingh.de\/wp-spd-ob\/wp-json\/wp\/v2\/quellen?post=326"}],"curies":[{"name":"wp","href":"https:\/\/api.w.org\/{rel}","templated":true}]}}