{"id":329,"date":"2004-03-05T17:00:00","date_gmt":"2004-03-05T15:00:00","guid":{"rendered":"http:\/\/www.meier-gerdingh.de\/spd-oberhausen\/wp\/?p=329"},"modified":"2017-05-14T14:01:53","modified_gmt":"2017-05-14T12:01:53","slug":"spd-fraktion-setzt-aenderungen-bei-der-vergabepraxis-durch","status":"publish","type":"post","link":"https:\/\/meier-gerdingh.de\/wp-spd-ob\/2004\/03\/05\/spd-fraktion-setzt-aenderungen-bei-der-vergabepraxis-durch\/","title":{"rendered":"SPD-Fraktion setzt \u00c4nderungen bei der Vergabepraxis durch"},"content":{"rendered":"<div style=\"width: 150px\" class=\"wp-caption alignleft\"><a href=\"http:\/\/meier-gerdingh.de\/wp-spd-ob\/wp-content\/uploads\/grotthaus_rede.jpg\"><img decoding=\"async\" class=\"size-full\" src=\"http:\/\/meier-gerdingh.de\/wp-spd-ob\/wp-content\/uploads\/grotthaus_rede.jpg\" alt=\"\" width=\"140\" height=\"194\" \/><\/a><p class=\"wp-caption-text\">MdB Wolfgang Grotthaus<\/p><\/div>\n<p>Zur Vergabepraxis der Bundesagentur f\u00fcr Arbeit (BA) f\u00fcr Ma\u00dfnahmen der Arbeitsf\u00f6rderung erkl\u00e4rt Wolfgang Grotthaus, MdB und Mitglied im Ausschuss f\u00fcr Wirtschaft und Arbeit: Die SPD-Bundestagsfraktion hat nachdr\u00fccklich und mit Erfolg auf eine \u00c4nderung der Vergabepraxis hingewirkt. Wir wollen, dass auch kleine, regionale Tr\u00e4ger von Arbeitsf\u00f6rderma\u00dfnahmen in angemessenem Umfang Auftr\u00e4ge erhalten.<!--more--><\/p>\n<p>Die BA hat jetzt vor der Fraktion verbindlich zugesagt, dass sie ihre Praxis \u00e4ndern wird. Die wichtigsten Punkte sind<\/p>\n<p>&#8211; wesentlich mehr R\u00fccksicht auf die regionalen Belange durch kleinere Lose, l\u00e4ngere Ausschreibungsfristen (dadurch mehr Beteiligungsm\u00f6glichkeiten f\u00fcr kleine \u00f6rtliche Tr\u00e4ger) und Beteiligung der Vorst\u00e4nde der \u00f6rtlichen Arbeitsagenturen bei der endg\u00fcltigen Entscheidung \u00fcber die Vergaben;<\/p>\n<p>&#8211; kein Preisdumping, sondern Qualit\u00e4t, also wesentlich st\u00e4rkere Gewichtung der Qualit\u00e4tskriterien (gute Kontakte zu den Arbeitgebern in der Region, Ber\u00fccksichtigung der bisherigen Arbeit von leistungsf\u00e4higen, seri\u00f6sen Anbietern) bei der Auftragsvergabe;<\/p>\n<p>&#8211; auf eine mittelfristige Planung angelegte Kooperation mit den Tr\u00e4gern, die diesen auch eine vern\u00fcnftige Kalkulationsbasis bietet;<\/p>\n<p>&#8211; zwei getrennte Ausschreibungskreise f\u00fcr gemeinn\u00fctzige Tr\u00e4ger und gewerbliche Tr\u00e4ger, so dass die \u00f6rtlichen, gemeinn\u00fctzigen Tr\u00e4ger entsprechend ihrer Bedeutung vom Auftragsvolumen profitieren (damit ist zun\u00e4chst Urteil des ULG D\u00fcsseldorf nicht mehr relevant).<\/p>\n<p>Dar\u00fcber hinaus trete ich f\u00fcr eine \u00c4nderung der Vergabeordnung dahingehend ein, dass die Belange der gemeinn\u00fctzigen Tr\u00e4ger generell ber\u00fccksichtigt werden.&#8220;, so Grotthaus w\u00f6rtlich. Er h\u00e4lt dies f\u00fcr die Auftragsvergabe der BA f\u00fcr besonders wichtig, die eine solche Gesetzes\u00e4nderung begr\u00fc\u00dfen w\u00fcrde.<\/p>\n","protected":false},"excerpt":{"rendered":"<p>Zur Vergabepraxis der Bundesagentur f\u00fcr Arbeit (BA) f\u00fcr Ma\u00dfnahmen der Arbeitsf\u00f6rderung erkl\u00e4rt Wolfgang Grotthaus, MdB und Mitglied im Ausschuss f\u00fcr Wirtschaft und Arbeit: Die SPD-Bundestagsfraktion hat nachdr\u00fccklich und mit Erfolg&hellip; <\/p>\n","protected":false},"author":1,"featured_media":0,"comment_status":"closed","ping_status":"closed","sticky":false,"template":"","format":"standard","meta":{"footnotes":""},"categories":[1],"tags":[],"quellen":[],"class_list":["post-329","post","type-post","status-publish","format-standard","hentry","category-allgemein"],"_links":{"self":[{"href":"https:\/\/meier-gerdingh.de\/wp-spd-ob\/wp-json\/wp\/v2\/posts\/329","targetHints":{"allow":["GET"]}}],"collection":[{"href":"https:\/\/meier-gerdingh.de\/wp-spd-ob\/wp-json\/wp\/v2\/posts"}],"about":[{"href":"https:\/\/meier-gerdingh.de\/wp-spd-ob\/wp-json\/wp\/v2\/types\/post"}],"author":[{"embeddable":true,"href":"https:\/\/meier-gerdingh.de\/wp-spd-ob\/wp-json\/wp\/v2\/users\/1"}],"replies":[{"embeddable":true,"href":"https:\/\/meier-gerdingh.de\/wp-spd-ob\/wp-json\/wp\/v2\/comments?post=329"}],"version-history":[{"count":0,"href":"https:\/\/meier-gerdingh.de\/wp-spd-ob\/wp-json\/wp\/v2\/posts\/329\/revisions"}],"wp:attachment":[{"href":"https:\/\/meier-gerdingh.de\/wp-spd-ob\/wp-json\/wp\/v2\/media?parent=329"}],"wp:term":[{"taxonomy":"category","embeddable":true,"href":"https:\/\/meier-gerdingh.de\/wp-spd-ob\/wp-json\/wp\/v2\/categories?post=329"},{"taxonomy":"post_tag","embeddable":true,"href":"https:\/\/meier-gerdingh.de\/wp-spd-ob\/wp-json\/wp\/v2\/tags?post=329"},{"taxonomy":"quellen","embeddable":true,"href":"https:\/\/meier-gerdingh.de\/wp-spd-ob\/wp-json\/wp\/v2\/quellen?post=329"}],"curies":[{"name":"wp","href":"https:\/\/api.w.org\/{rel}","templated":true}]}}