{"id":330,"date":"2004-03-11T17:00:00","date_gmt":"2004-03-11T15:00:00","guid":{"rendered":"http:\/\/www.meier-gerdingh.de\/spd-oberhausen\/wp\/?p=330"},"modified":"2017-05-14T14:01:06","modified_gmt":"2017-05-14T12:01:06","slug":"spd-beantragt-aktuelle-stunde-in-der-bezirksvertretung-osterfeld","status":"publish","type":"post","link":"https:\/\/meier-gerdingh.de\/wp-spd-ob\/2004\/03\/11\/spd-beantragt-aktuelle-stunde-in-der-bezirksvertretung-osterfeld\/","title":{"rendered":"SPD beantragt aktuelle Stunde in der Bezirksvertretung Osterfeld"},"content":{"rendered":"<div style=\"width: 190px\" class=\"wp-caption alignleft\"><a href=\"http:\/\/meier-gerdingh.de\/wp-spd-ob\/wp-content\/uploads\/kampstrasse.jpg\"><img decoding=\"async\" class=\"size-full\" src=\"http:\/\/meier-gerdingh.de\/wp-spd-ob\/wp-content\/uploads\/kampstrasse.jpg\" alt=\"Wird Thema in der Bezirksvertretung Osterfeld: Die Siedlung an der Kampstra\u00dfe\" width=\"180\" height=\"139\" \/><\/a><p class=\"wp-caption-text\">Wird Thema in der Bezirksvertretung Osterfeld: Die Siedlung an der Kampstra\u00dfe<\/p><\/div>\n<p>&#8222;Die Verunsicherung innerhalb der Mieterschaft an der Kampstra\u00dfe muss schleunigst beendet werden.&#8220; Mit dieser Forderung reagiert Stefan Zimkeit, Sprecher der SPD-Fraktion in der Bezirksvertretung Osterfeld, auf die aktuelle Nachricht von der gerichtlich verf\u00fcgten Zwangsverwaltung der Osterfelder Siedlung.<!--more--><\/p>\n<p>Die SPD-Fraktion in der Bezirksvertretung Osterfeld hat deshalb eine aktuelle Stunde f\u00fcr die n\u00e4chste Sitzung der Bezirksvertretung am 16. M\u00e4rz beantragt.<\/p>\n<p>Hier soll die Verwaltung umfassend \u00fcber alle wesentlichen rechtlichen Aspekte informieren, die mit der Zwangsverwaltung verbunden sind. Ziel m\u00fcsse sein, so Stefan Zimkeit, insbesondere den betroffenen Mieterinnen und Mietern eine objektive Bewertung und Einsch\u00e4tzung ihrer neuen Situation zu erm\u00f6glichen und die offenkundige Verunsicherung in der Siedlung an der Kampstra\u00dfe zu beenden.<\/p>\n","protected":false},"excerpt":{"rendered":"<p>&#8222;Die Verunsicherung innerhalb der Mieterschaft an der Kampstra\u00dfe muss schleunigst beendet werden.&#8220; Mit dieser Forderung reagiert Stefan Zimkeit, Sprecher der SPD-Fraktion in der Bezirksvertretung Osterfeld, auf die aktuelle Nachricht von&hellip; <\/p>\n","protected":false},"author":1,"featured_media":0,"comment_status":"closed","ping_status":"closed","sticky":false,"template":"","format":"standard","meta":{"footnotes":""},"categories":[1],"tags":[],"quellen":[],"class_list":["post-330","post","type-post","status-publish","format-standard","hentry","category-allgemein"],"_links":{"self":[{"href":"https:\/\/meier-gerdingh.de\/wp-spd-ob\/wp-json\/wp\/v2\/posts\/330","targetHints":{"allow":["GET"]}}],"collection":[{"href":"https:\/\/meier-gerdingh.de\/wp-spd-ob\/wp-json\/wp\/v2\/posts"}],"about":[{"href":"https:\/\/meier-gerdingh.de\/wp-spd-ob\/wp-json\/wp\/v2\/types\/post"}],"author":[{"embeddable":true,"href":"https:\/\/meier-gerdingh.de\/wp-spd-ob\/wp-json\/wp\/v2\/users\/1"}],"replies":[{"embeddable":true,"href":"https:\/\/meier-gerdingh.de\/wp-spd-ob\/wp-json\/wp\/v2\/comments?post=330"}],"version-history":[{"count":0,"href":"https:\/\/meier-gerdingh.de\/wp-spd-ob\/wp-json\/wp\/v2\/posts\/330\/revisions"}],"wp:attachment":[{"href":"https:\/\/meier-gerdingh.de\/wp-spd-ob\/wp-json\/wp\/v2\/media?parent=330"}],"wp:term":[{"taxonomy":"category","embeddable":true,"href":"https:\/\/meier-gerdingh.de\/wp-spd-ob\/wp-json\/wp\/v2\/categories?post=330"},{"taxonomy":"post_tag","embeddable":true,"href":"https:\/\/meier-gerdingh.de\/wp-spd-ob\/wp-json\/wp\/v2\/tags?post=330"},{"taxonomy":"quellen","embeddable":true,"href":"https:\/\/meier-gerdingh.de\/wp-spd-ob\/wp-json\/wp\/v2\/quellen?post=330"}],"curies":[{"name":"wp","href":"https:\/\/api.w.org\/{rel}","templated":true}]}}