{"id":3308,"date":"2016-09-29T15:20:05","date_gmt":"2016-09-29T13:20:05","guid":{"rendered":"http:\/\/meier-gerdingh.de\/wp-spd-ob\/?p=3308"},"modified":"2016-12-04T11:05:48","modified_gmt":"2016-12-04T10:05:48","slug":"kitas-muessen-komplett-beitragsfrei-werden","status":"publish","type":"post","link":"https:\/\/meier-gerdingh.de\/wp-spd-ob\/2016\/09\/29\/kitas-muessen-komplett-beitragsfrei-werden\/","title":{"rendered":"&#8222;Kitas m\u00fcssen komplett beitragsfrei werden!&#8220;"},"content":{"rendered":"<div id=\"attachment_3160\" style=\"width: 150px\" class=\"wp-caption alignleft\"><a href=\"http:\/\/meier-gerdingh.de\/wp-spd-ob\/wp-content\/uploads\/bongers_sonja.jpg\"><img aria-describedby=\"caption-attachment-3160\" decoding=\"async\" class=\"size-full wp-image-3160\" src=\"http:\/\/meier-gerdingh.de\/wp-spd-ob\/wp-content\/uploads\/bongers_sonja.jpg\" alt=\"Sonja Bongers kandidiert bei der Landtagswahl im Mai 2017 f\u00fcr die SPD im Wahlkreis Alt-Oberhausen und Osterfeld\" width=\"140\" height=\"180\" \/><\/a><p id=\"caption-attachment-3160\" class=\"wp-caption-text\">Sonja Bongers kandidiert bei der Landtagswahl im Mai 2017 f\u00fcr die SPD im Wahlkreis Alt-Oberhausen und Osterfeld<\/p><\/div>\n<p><em>Landtagskandidatin Sonja Bongers kritisiert hohe Kindertagesst\u00e4tten-Geb\u00fchren im Ruhrgebiet nach Abschaffung der landesweit einheitlichen Beitragstabellen durch die abgew\u00e4hlte CDU-FDP-Regierung. Landtagsabgeordneter Stefan Zimkeit kritisiert die CDU f\u00fcr ihre Pl\u00e4ne, das beitragsfreie dritte Kindergartenjahr abzuschaffen zu wollen.<\/em><\/p>\n<p>&#8222;Kitas m\u00fcssen komplett beitragsfrei werden&#8220;, so reagierte die SPD-Landtagskandidatin Sonja Bongers auf die Berichterstattung \u00fcber hohe Kindertagesst\u00e4tten-Geb\u00fchren im Ruhrgebiet. Diese Geb\u00fchren belasten laut einer Untersuchung des Bundes der Steuerzahler vor allem Eltern mit mittlerem Einkommen.<!--more--><\/p>\n<p>Es sei ungerecht, dass nach der Abschaffung der landesweit einheitlichen Beitragstabellen durch die abgew\u00e4hlte CDU-FDP-Landesregierung Eltern in D\u00fcsseldorf keine Geb\u00fchren zahlen, Eltern in Oberhausen aber besonders hohe.<\/p>\n<p>&#8222;Wir wollen insbesondere die Eltern im Ruhrgebiet durch die Abschaffung der Kitageb\u00fchren entlasten&#8220;, erg\u00e4nzt Bongers. Mit der Abschaffung der Geb\u00fchren f\u00fcr das dritte Kita-Jahr habe die SPD hier einen wichtigen ersten Schritt durchgesetzt, erl\u00e4utert der SPD-Landtagsabgeordnete Stefan Zimkeit und k\u00fcndigte an, dass weitere folgen werden.<\/p>\n<p>Gleichzeitig kritisierte er die CDU f\u00fcr ihre Pl\u00e4ne das die Beitragsfreiheit wieder abzuschaffen. &#8222;Hier soll den Eltern insbesondere im Ruhrgebiet in die Tasche gegriffen werden, statt sie zu entlasten&#8220;, \u00e4rgert sich der SPD-Abgeordnete, der auch dem Ausschuss f\u00fcr Kinder, Jugend und Familie angeh\u00f6rt<\/p>\n<p>&#8222;Neben der Entlastung der Eltern haben wir gleichzeitig in die Qualit\u00e4t investiert&#8220; so Zimkeit weiter. F\u00fcr die SPD sei Geb\u00fchrenfreiheit und Bildungsqualit\u00e4t wichtig. Zudem stelle das Land 100 Millionen Euro zus\u00e4tzlich zur Verf\u00fcgung um die Kommunen bei der Schaffung neuer Kitapl\u00e4tze, die auch in Oberhausen gebraucht werden, zu unterst\u00fctzen.<\/p>\n","protected":false},"excerpt":{"rendered":"<p>Landtagskandidatin Sonja Bongers kritisiert hohe Kindertagesst\u00e4tten-Geb\u00fchren im Ruhrgebiet nach Abschaffung der landesweit einheitlichen Beitragstabellen durch die abgew\u00e4hlte CDU-FDP-Regierung. Landtagsabgeordneter Stefan Zimkeit kritisiert die CDU f\u00fcr ihre Pl\u00e4ne, das beitragsfreie dritte&hellip; <\/p>\n","protected":false},"author":1,"featured_media":0,"comment_status":"closed","ping_status":"closed","sticky":false,"template":"","format":"standard","meta":{"footnotes":""},"categories":[179],"tags":[604,877,778,878,165,5],"quellen":[331],"class_list":["post-3308","post","type-post","status-publish","format-standard","hentry","category-kinder-und-jugendliche","tag-kindertagesstaetten","tag-kita-beitragsfreiheit","tag-kita-gebuehren","tag-kita-gebuehrenfreiheit","tag-kitas","tag-landesfoerderung","quellen-mdl-stefan-zimkeit"],"_links":{"self":[{"href":"https:\/\/meier-gerdingh.de\/wp-spd-ob\/wp-json\/wp\/v2\/posts\/3308","targetHints":{"allow":["GET"]}}],"collection":[{"href":"https:\/\/meier-gerdingh.de\/wp-spd-ob\/wp-json\/wp\/v2\/posts"}],"about":[{"href":"https:\/\/meier-gerdingh.de\/wp-spd-ob\/wp-json\/wp\/v2\/types\/post"}],"author":[{"embeddable":true,"href":"https:\/\/meier-gerdingh.de\/wp-spd-ob\/wp-json\/wp\/v2\/users\/1"}],"replies":[{"embeddable":true,"href":"https:\/\/meier-gerdingh.de\/wp-spd-ob\/wp-json\/wp\/v2\/comments?post=3308"}],"version-history":[{"count":0,"href":"https:\/\/meier-gerdingh.de\/wp-spd-ob\/wp-json\/wp\/v2\/posts\/3308\/revisions"}],"wp:attachment":[{"href":"https:\/\/meier-gerdingh.de\/wp-spd-ob\/wp-json\/wp\/v2\/media?parent=3308"}],"wp:term":[{"taxonomy":"category","embeddable":true,"href":"https:\/\/meier-gerdingh.de\/wp-spd-ob\/wp-json\/wp\/v2\/categories?post=3308"},{"taxonomy":"post_tag","embeddable":true,"href":"https:\/\/meier-gerdingh.de\/wp-spd-ob\/wp-json\/wp\/v2\/tags?post=3308"},{"taxonomy":"quellen","embeddable":true,"href":"https:\/\/meier-gerdingh.de\/wp-spd-ob\/wp-json\/wp\/v2\/quellen?post=3308"}],"curies":[{"name":"wp","href":"https:\/\/api.w.org\/{rel}","templated":true}]}}