{"id":331,"date":"2004-03-08T17:00:00","date_gmt":"2004-03-08T15:00:00","guid":{"rendered":"http:\/\/www.meier-gerdingh.de\/spd-oberhausen\/wp\/?p=331"},"modified":"2017-05-14T14:01:20","modified_gmt":"2017-05-14T12:01:20","slug":"ig-metall-sekretaer-kandidiert-fuer-den-rat-der-stadt","status":"publish","type":"post","link":"https:\/\/meier-gerdingh.de\/wp-spd-ob\/2004\/03\/08\/ig-metall-sekretaer-kandidiert-fuer-den-rat-der-stadt\/","title":{"rendered":"IG-Metall-Sekret\u00e4r kandidiert f\u00fcr den Rat der Stadt"},"content":{"rendered":"<div style=\"width: 150px\" class=\"wp-caption alignleft\"><a href=\"http:\/\/meier-gerdingh.de\/wp-spd-ob\/wp-content\/uploads\/koppers_peter.jpg\"><img decoding=\"async\" class=\"size-full\" src=\"http:\/\/meier-gerdingh.de\/wp-spd-ob\/wp-content\/uploads\/koppers_peter.jpg\" alt=\"Kandidiert auf der SPD-Liste f\u00fcr den Rat: Peter Koppers, IG-Metall-Sekret\u00e4r in Oberhausen\" width=\"140\" height=\"184\" \/><\/a><p class=\"wp-caption-text\">Kandidiert auf der SPD-Liste f\u00fcr den Rat: Peter Koppers, IG-Metall-Sekret\u00e4r in Oberhausen<\/p><\/div>\n<p>Bei der Kommunalwahl 2004 wird der IG-Metall-Sekret\u00e4r Peter Koppers auf Platz 30 der Reserveliste f\u00fcr die Oberhausener Sozialdemokraten am 26. September ins Rennen gehen. Dies teilten der 44j\u00e4hrige Peter Koppers und Oberhausens SPD-Vorsitzender Hartmut Schmidt heute auf einer gemeinsamen Pressekonferenz mit.<!--more--><\/p>\n<p>Oberhausens Sozialdemokraten gehen davon aus, dass Platz 30 ein aussichtsreicher Listenplatz ist, da der neue Spitzenkandidat zum Amt des Oberb\u00fcrgermeisters, Klaus Wehling, im Falle seiner Wahl den Listenplatz 3 frei machen w\u00fcrde und Peter Koppers so der erste Reservelistenplatzbewerber w\u00e4re, der in den Rat einzieht.<\/p>\n<p>Hartmut Schmidt, Unterbezirksvorsitzender: &#8222;Wir freuen uns, dass es auch bei der Kommunalwahl 2004 wieder gelungen ist, einen ausgewiesenen Gewerkschaftsvertreter in die Reihen der Oberhausener SPD f\u00fcr den Rat der Stadt aufzunehmen, so wie es seit vielen Jahren Tradition ist in Oberhausen&#8220;.<\/p>\n","protected":false},"excerpt":{"rendered":"<p>Bei der Kommunalwahl 2004 wird der IG-Metall-Sekret\u00e4r Peter Koppers auf Platz 30 der Reserveliste f\u00fcr die Oberhausener Sozialdemokraten am 26. September ins Rennen gehen. Dies teilten der 44j\u00e4hrige Peter Koppers&hellip; <\/p>\n","protected":false},"author":1,"featured_media":0,"comment_status":"closed","ping_status":"closed","sticky":false,"template":"","format":"standard","meta":{"footnotes":""},"categories":[1],"tags":[],"quellen":[],"class_list":["post-331","post","type-post","status-publish","format-standard","hentry","category-allgemein"],"_links":{"self":[{"href":"https:\/\/meier-gerdingh.de\/wp-spd-ob\/wp-json\/wp\/v2\/posts\/331","targetHints":{"allow":["GET"]}}],"collection":[{"href":"https:\/\/meier-gerdingh.de\/wp-spd-ob\/wp-json\/wp\/v2\/posts"}],"about":[{"href":"https:\/\/meier-gerdingh.de\/wp-spd-ob\/wp-json\/wp\/v2\/types\/post"}],"author":[{"embeddable":true,"href":"https:\/\/meier-gerdingh.de\/wp-spd-ob\/wp-json\/wp\/v2\/users\/1"}],"replies":[{"embeddable":true,"href":"https:\/\/meier-gerdingh.de\/wp-spd-ob\/wp-json\/wp\/v2\/comments?post=331"}],"version-history":[{"count":0,"href":"https:\/\/meier-gerdingh.de\/wp-spd-ob\/wp-json\/wp\/v2\/posts\/331\/revisions"}],"wp:attachment":[{"href":"https:\/\/meier-gerdingh.de\/wp-spd-ob\/wp-json\/wp\/v2\/media?parent=331"}],"wp:term":[{"taxonomy":"category","embeddable":true,"href":"https:\/\/meier-gerdingh.de\/wp-spd-ob\/wp-json\/wp\/v2\/categories?post=331"},{"taxonomy":"post_tag","embeddable":true,"href":"https:\/\/meier-gerdingh.de\/wp-spd-ob\/wp-json\/wp\/v2\/tags?post=331"},{"taxonomy":"quellen","embeddable":true,"href":"https:\/\/meier-gerdingh.de\/wp-spd-ob\/wp-json\/wp\/v2\/quellen?post=331"}],"curies":[{"name":"wp","href":"https:\/\/api.w.org\/{rel}","templated":true}]}}