{"id":3310,"date":"2016-10-06T15:32:15","date_gmt":"2016-10-06T13:32:15","guid":{"rendered":"http:\/\/meier-gerdingh.de\/wp-spd-ob\/?p=3310"},"modified":"2016-10-22T15:33:45","modified_gmt":"2016-10-22T13:33:45","slug":"schulsozialarbeit-dauerhaft-erhalten","status":"publish","type":"post","link":"https:\/\/meier-gerdingh.de\/wp-spd-ob\/2016\/10\/06\/schulsozialarbeit-dauerhaft-erhalten\/","title":{"rendered":"Schulsozialarbeit dauerhaft erhalten"},"content":{"rendered":"<p><div id=\"attachment_1707\" style=\"width: 150px\" class=\"wp-caption alignleft\"><a href=\"http:\/\/meier-gerdingh.de\/wp-spd-ob\/wp-content\/uploads\/zimkeit_stefan_12.jpg\"><img aria-describedby=\"caption-attachment-1707\" decoding=\"async\" src=\"http:\/\/meier-gerdingh.de\/wp-spd-ob\/wp-content\/uploads\/zimkeit_stefan_12.jpg\" alt=\"Stefan Zimkeit ist Mitglied des Landtags von Nordrhein-Westfalen und finanzpolitischer Sprecher der SPD-Landtagsfraktion\" width=\"140\" height=\"169\" class=\"size-full wp-image-1707\" \/><\/a><p id=\"caption-attachment-1707\" class=\"wp-caption-text\">Stefan Zimkeit ist Mitglied des Landtags von Nordrhein-Westfalen und finanzpolitischer Sprecher der SPD-Landtagsfraktion<\/p><\/div>&#8222;Die Sozialarbeit an den Schulen ist Bundesangelegenheit&#8220;, ist Stefan Zimkeit \u00fcberzeugt. &#8222;Das Land ist in die Finanzierung nur deshalb eingesprungen, weil die Schulen wegen der Verweigerungshaltung der Bundes-CDU sonst ohne diese unverzichtbare Unterst\u00fctzung dagestanden h\u00e4tten&#8220;, erl\u00e4utert der finanzpolitische Sprecher der SPD-Landtagsfraktion. Er sieht Berlin auch weiterhin der Pflicht. &#8222;Dar\u00fcber wird nach der Bundestagswahl im Herbst 2017 neu zu sprechen sein.&#8220;<!--more--><\/p>\n<p>F\u00fcr Stefan Zimkeit steht fest, dass die Sozialarbeit an den Schulen unerl\u00e4sslich ist. &#8222;Dies gilt gerade f\u00fcr eine Kommune wie Oberhausen.&#8220; Dass die Stadt die Finanzierung niemals allein wird stemmen k\u00f6nnen, ist auch Zimkeit bewusst. &#8222;Die Zusch\u00fcsse muss es auch nach 2017 weiterhin geben, auch wenn sich Berlin weigert.&#8220; <\/p>\n<p>Der Finanzexperte ist sich sicher, dass NRW im Notfall weiterhin einspringen wird. &#8222;Es ist zwar \u00e4rgerlich, wenn wir f\u00fcr eine Bundesaufgabe in Haftung genommen werden. Aber eine SPD-gef\u00fchrte Landesregierung wird die Schulen und die St\u00e4dte nicht im Regen stehen lassen&#8220;, verspricht Stefan Zimkeit. &#8222;Deswegen wird es eine L\u00f6sung geben, die Schulsozialarbeit dauerhaft zu erhalten.&#8220;<\/p>\n","protected":false},"excerpt":{"rendered":"<p>&#8222;Die Sozialarbeit an den Schulen ist Bundesangelegenheit&#8220;, ist Stefan Zimkeit \u00fcberzeugt. &#8222;Das Land ist in die Finanzierung nur deshalb eingesprungen, weil die Schulen wegen der Verweigerungshaltung der Bundes-CDU sonst ohne&hellip; <\/p>\n","protected":false},"author":1,"featured_media":0,"comment_status":"closed","ping_status":"closed","sticky":false,"template":"","format":"standard","meta":{"footnotes":""},"categories":[231],"tags":[788,883,14,5,123],"quellen":[331],"class_list":["post-3310","post","type-post","status-publish","format-standard","hentry","category-bildung","tag-bundestagswahl-2017","tag-finanzierung-schulsozialarbeit","tag-kommunalfinanzen","tag-landesfoerderung","tag-schulsozialarbeit","quellen-mdl-stefan-zimkeit"],"_links":{"self":[{"href":"https:\/\/meier-gerdingh.de\/wp-spd-ob\/wp-json\/wp\/v2\/posts\/3310","targetHints":{"allow":["GET"]}}],"collection":[{"href":"https:\/\/meier-gerdingh.de\/wp-spd-ob\/wp-json\/wp\/v2\/posts"}],"about":[{"href":"https:\/\/meier-gerdingh.de\/wp-spd-ob\/wp-json\/wp\/v2\/types\/post"}],"author":[{"embeddable":true,"href":"https:\/\/meier-gerdingh.de\/wp-spd-ob\/wp-json\/wp\/v2\/users\/1"}],"replies":[{"embeddable":true,"href":"https:\/\/meier-gerdingh.de\/wp-spd-ob\/wp-json\/wp\/v2\/comments?post=3310"}],"version-history":[{"count":0,"href":"https:\/\/meier-gerdingh.de\/wp-spd-ob\/wp-json\/wp\/v2\/posts\/3310\/revisions"}],"wp:attachment":[{"href":"https:\/\/meier-gerdingh.de\/wp-spd-ob\/wp-json\/wp\/v2\/media?parent=3310"}],"wp:term":[{"taxonomy":"category","embeddable":true,"href":"https:\/\/meier-gerdingh.de\/wp-spd-ob\/wp-json\/wp\/v2\/categories?post=3310"},{"taxonomy":"post_tag","embeddable":true,"href":"https:\/\/meier-gerdingh.de\/wp-spd-ob\/wp-json\/wp\/v2\/tags?post=3310"},{"taxonomy":"quellen","embeddable":true,"href":"https:\/\/meier-gerdingh.de\/wp-spd-ob\/wp-json\/wp\/v2\/quellen?post=3310"}],"curies":[{"name":"wp","href":"https:\/\/api.w.org\/{rel}","templated":true}]}}