{"id":3313,"date":"2016-10-14T15:39:34","date_gmt":"2016-10-14T13:39:34","guid":{"rendered":"http:\/\/meier-gerdingh.de\/wp-spd-ob\/?p=3313"},"modified":"2016-10-22T15:44:14","modified_gmt":"2016-10-22T13:44:14","slug":"koalition-fordert-von-schranz-mehr-transparenz","status":"publish","type":"post","link":"https:\/\/meier-gerdingh.de\/wp-spd-ob\/2016\/10\/14\/koalition-fordert-von-schranz-mehr-transparenz\/","title":{"rendered":"Koalition fordert von Schranz mehr Transparenz"},"content":{"rendered":"<p><a href=\"http:\/\/meier-gerdingh.de\/wp-spd-ob\/wp-content\/uploads\/rathaus.jpg\"><img decoding=\"async\" src=\"http:\/\/meier-gerdingh.de\/wp-spd-ob\/wp-content\/uploads\/rathaus.jpg\" alt=\"rathaus\" width=\"140\" height=\"189\" class=\"alignleft size-full wp-image-1581\" \/><\/a>Von der \u00d6ffentlichkeit weitestgehend unbemerkt ist die Leitungsstelle in der Pressestelle des Rathauses seit Monaten unbesetzt. Gro\u00dfes Erstaunen seitens der Koalition aus SPD, Gr\u00fcnen und FDP hat nun die Absicht von Oberb\u00fcrgermeister Daniel Schranz ausgel\u00f6st, diese Leitungsstelle \u2013 ebenfalls weitestgehend unbemerkt von der \u00d6ffentlichkeit \u2013 neu zu besetzen, und zwar ohne die Stelle auszuschreiben.<\/p>\n<p>Die Koalition hat Verst\u00e4ndnis daf\u00fcr gehabt, dass sich der Oberb\u00fcrgermeister den damaligen Gesch\u00e4ftsf\u00fchrer der CDU-Fraktion, Hannes Fritsche, als seinen Pressesprecher ohne \u00f6ffentliches Besetzungsverfahren ausgesucht hat. Die Leitung der Pressestelle hat jedoch eine andere Aufgabe. &#8222;Die Pressestelle ist die Schnittstelle der Gesamtverwaltung und des Rates zur \u00d6ffentlichkeit. Sie ist nicht die Pressestelle des Oberb\u00fcrgermeisters&#8220;, stellt Wolfgang Gro\u00dfe Br\u00f6mer, der SPD-Fraktionschef, klar.<!--more--><\/p>\n<p>&#8222;Deshalb erwarten wir ein transparentes, \u00f6ffentliches Ausschreibungsverfahren f\u00fcr die Neubesetzung der Pressestelle&#8220;, fordert Regina Wittmann als Vertreterin der Gr\u00fcnen und erg\u00e4nzt: &#8222;Zudem ist der Aspekt der F\u00f6rderung von Frauen in F\u00fchrungspositionen in keiner Weise beachtet worden.&#8220;<\/p>\n<p>Folgerichtig hat die Koalition den Besetzungsvorschlag des Oberb\u00fcrgermeisters durch einen Gesch\u00e4ftsordnungsantrag in der letzten Ratssitzung von der Tagesordnung genommen. <\/p>\n<p>&#8222;Diesen Aufschub sollte Oberb\u00fcrgermeister Schranz nutzen, um die Leitung der Pressestelle in einem ordentlichen Verfahren \u00f6ffentlich auszuschreiben und die von ihm beabsichtigte Stellenbesetzung nach Gutsherrenart sofort zu beenden&#8220;, schl\u00e4gt FDP-Chef Hans-Otto Runkler vor. Schlie\u00dflich habe OB Schranz noch im Wahlkampf mehr Transparenz bei den Besetzungsverfahren in der Verwaltung versprochen.<\/p>\n<p>Neben der CDU, die den Besetzungsvorschlag dennoch in der j\u00fcngsten Ratssitzung behandelt wissen wollte, hegen auch die B\u00fcrgerliste und die BOB-Fraktion offenbar keinerlei Bedenken gegen dieses Verfahren: Sie stimmten daf\u00fcr, den Tagesordnungspunkt beizubehalten und damit gegen ein transparentes Ausschreibungsverfahren. <\/p>\n<p>Auch die Linke Liste hat offenkundig wenig Probleme mit der Personalpolitik des Oberb\u00fcrgermeisters an dieser Stelle, sie hat sich im Rat enthalten. &#8222;Hier wird wieder einmal deutlich, dass die Linke Liste immer noch von einer Mehrheit gegen die Koalition tr\u00e4umt und bereit ist, daf\u00fcr ihre Kerninhalte zu opfern&#8220;, urteilt Wolfgang Gro\u00dfe Br\u00f6mer.<\/p>\n","protected":false},"excerpt":{"rendered":"<p>Von der \u00d6ffentlichkeit weitestgehend unbemerkt ist die Leitungsstelle in der Pressestelle des Rathauses seit Monaten unbesetzt. Gro\u00dfes Erstaunen seitens der Koalition aus SPD, Gr\u00fcnen und FDP hat nun die Absicht&hellip; <\/p>\n","protected":false},"author":1,"featured_media":0,"comment_status":"closed","ping_status":"closed","sticky":false,"template":"","format":"standard","meta":{"footnotes":""},"categories":[896],"tags":[898,897,900,899,831],"quellen":[326],"class_list":["post-3313","post","type-post","status-publish","format-standard","hentry","category-stadtverwaltung","tag-ampel-koalition","tag-pressestelle-stadt-oberhausen","tag-stellenausschreibung","tag-stellenbesetzung","tag-transparenz","quellen-spd-fraktion-oberhausen"],"_links":{"self":[{"href":"https:\/\/meier-gerdingh.de\/wp-spd-ob\/wp-json\/wp\/v2\/posts\/3313","targetHints":{"allow":["GET"]}}],"collection":[{"href":"https:\/\/meier-gerdingh.de\/wp-spd-ob\/wp-json\/wp\/v2\/posts"}],"about":[{"href":"https:\/\/meier-gerdingh.de\/wp-spd-ob\/wp-json\/wp\/v2\/types\/post"}],"author":[{"embeddable":true,"href":"https:\/\/meier-gerdingh.de\/wp-spd-ob\/wp-json\/wp\/v2\/users\/1"}],"replies":[{"embeddable":true,"href":"https:\/\/meier-gerdingh.de\/wp-spd-ob\/wp-json\/wp\/v2\/comments?post=3313"}],"version-history":[{"count":0,"href":"https:\/\/meier-gerdingh.de\/wp-spd-ob\/wp-json\/wp\/v2\/posts\/3313\/revisions"}],"wp:attachment":[{"href":"https:\/\/meier-gerdingh.de\/wp-spd-ob\/wp-json\/wp\/v2\/media?parent=3313"}],"wp:term":[{"taxonomy":"category","embeddable":true,"href":"https:\/\/meier-gerdingh.de\/wp-spd-ob\/wp-json\/wp\/v2\/categories?post=3313"},{"taxonomy":"post_tag","embeddable":true,"href":"https:\/\/meier-gerdingh.de\/wp-spd-ob\/wp-json\/wp\/v2\/tags?post=3313"},{"taxonomy":"quellen","embeddable":true,"href":"https:\/\/meier-gerdingh.de\/wp-spd-ob\/wp-json\/wp\/v2\/quellen?post=3313"}],"curies":[{"name":"wp","href":"https:\/\/api.w.org\/{rel}","templated":true}]}}