{"id":3314,"date":"2016-10-18T15:44:23","date_gmt":"2016-10-18T13:44:23","guid":{"rendered":"http:\/\/meier-gerdingh.de\/wp-spd-ob\/?p=3314"},"modified":"2017-06-20T21:38:18","modified_gmt":"2017-06-20T19:38:18","slug":"landesarbeitsminister-rainer-schmeltzer-kommt-nach-oberhausen","status":"publish","type":"post","link":"https:\/\/meier-gerdingh.de\/wp-spd-ob\/2016\/10\/18\/landesarbeitsminister-rainer-schmeltzer-kommt-nach-oberhausen\/","title":{"rendered":"Landesarbeitsminister Rainer Schmeltzer kommt nach Oberhausen"},"content":{"rendered":"<div id=\"attachment_3315\" style=\"width: 210px\" class=\"wp-caption alignleft\"><a href=\"http:\/\/meier-gerdingh.de\/wp-spd-ob\/wp-content\/uploads\/2016\/10\/schmeltzer_raiiner_mdl.jpg\"><img aria-describedby=\"caption-attachment-3315\" decoding=\"async\" class=\"size-full wp-image-3315\" src=\"http:\/\/meier-gerdingh.de\/wp-spd-ob\/wp-content\/uploads\/2016\/10\/schmeltzer_raiiner_mdl.jpg\" alt=\"Rainer Schmeltzer ist seit dem 1.\u00a0Oktober 2015 Minister f\u00fcr Arbeit, Integration und Soziales des Landes Nordrhein-Westfalen\" width=\"200\" height=\"291\" \/><\/a><p id=\"caption-attachment-3315\" class=\"wp-caption-text\">Rainer Schmeltzer ist seit dem 1.\u00a0Oktober 2015 Minister f\u00fcr Arbeit, Integration und Soziales des Landes Nordrhein-Westfalen<\/p><\/div>\n<p><em>Die Oberhausener SPD l\u00e4dt am Mittwoch, 26.10.2016, um 19.00 Uhr, ins &#8222;K 14&#8220; zum \u00f6ffentlichen Forum mit Landesarbeitsminister Rainer Schmeltzer ein.<\/em><\/p>\n<p>Der Slogan &#8222;Oberhausen \u2013 Wiege der Ruhrindustrie&#8220; k\u00fcndet vom Stolz einer Stadt und ihrer Menschen auf eine stolze Industriegeschichte. Oberhausen hat wie kaum eine Stadt einen starken Strukturbruch erlebt und sich als Dienstleistungsstadt neu erfunden. Ein solcher Wandel ist jedoch selten abgeschlossen.<\/p>\n<p>Die Oberhausener SPD hat das Ziel zum sozialen Zusammenhalt in unserer Stadt beizutragen und l\u00e4dt f\u00fcr<\/p>\n<p><strong>Mittwoch\u00a0\u00a0|\u00a0\u00a026. Oktober 2016\u00a0\u00a0|\u00a0\u00a0um 19:00 Uhr<br \/>\nins &#8222;K 14&#8220;\u00a0\u00a0|\u00a0\u00a0Lothringer Stra\u00dfe 64<\/strong><\/p>\n<p>zu einem <strong>\u00f6ffentlichen arbeitsmarkt- und sozialpolitischen Forum<\/strong> ein.<!--more--><\/p>\n<p>Als Gast hat <strong>Landesarbeitsminister Rainer Schmeltzer<\/strong> sein Kommen zugesagt, der \u00fcber Initiativen des Landes zur F\u00f6rderung von Besch\u00e4ftigung und zur Qualifizierung von Arbeitssuchenden berichtet.<\/p>\n<p>Im Anschluss ist ein offener Austausch mit Akteuren aus dem Bereich des Arbeitsmarkts (Arbeitsagentur, Jobcenter), den Gewerkschaften, den Wohlfahrtsverb\u00e4nden, der Industrie- und Handelskammer sowie der Handwerkerschaft vorgesehen.<\/p>\n<p>Alle Interessierten sind herzlich eingeladen. Wir w\u00fcrden uns freuen, auch Sie am 26.10. bei uns begr\u00fc\u00dfen zu d\u00fcrfen.<\/p>\n<p>R\u00fcckmeldungen sind unter <a href=\"mailto:ub.oberhausen.nrw@spd.de\" target=\"_blank\" rel=\"noopener\">ub.oberhausen.nrw@spd.de<\/a> oder unter der Rufnummer <strong>(02 08) 2 33 34<\/strong> m\u00f6glich.<\/p>\n","protected":false},"excerpt":{"rendered":"<p>Die Oberhausener SPD l\u00e4dt am Mittwoch, 26.10.2016, um 19.00 Uhr, ins &#8222;K 14&#8220; zum \u00f6ffentlichen Forum mit Landesarbeitsminister Rainer Schmeltzer ein. Der Slogan &#8222;Oberhausen \u2013 Wiege der Ruhrindustrie&#8220; k\u00fcndet vom&hellip; <\/p>\n","protected":false},"author":1,"featured_media":0,"comment_status":"closed","ping_status":"closed","sticky":false,"template":"","format":"standard","meta":{"footnotes":""},"categories":[174,171],"tags":[903,902,904,905,901],"quellen":[327],"class_list":["post-3314","post","type-post","status-publish","format-standard","hentry","category-arbeit-und-soziales","category-veranstaltungen","tag-beschaeftigungsfoerderung","tag-forum-arbeit-und-soziales","tag-qualifizierungsmassnahmen","tag-rainer-schmeltzer","tag-sozialer-zusammenhalt","quellen-spd-unterbezirk-oberhausen"],"_links":{"self":[{"href":"https:\/\/meier-gerdingh.de\/wp-spd-ob\/wp-json\/wp\/v2\/posts\/3314","targetHints":{"allow":["GET"]}}],"collection":[{"href":"https:\/\/meier-gerdingh.de\/wp-spd-ob\/wp-json\/wp\/v2\/posts"}],"about":[{"href":"https:\/\/meier-gerdingh.de\/wp-spd-ob\/wp-json\/wp\/v2\/types\/post"}],"author":[{"embeddable":true,"href":"https:\/\/meier-gerdingh.de\/wp-spd-ob\/wp-json\/wp\/v2\/users\/1"}],"replies":[{"embeddable":true,"href":"https:\/\/meier-gerdingh.de\/wp-spd-ob\/wp-json\/wp\/v2\/comments?post=3314"}],"version-history":[{"count":0,"href":"https:\/\/meier-gerdingh.de\/wp-spd-ob\/wp-json\/wp\/v2\/posts\/3314\/revisions"}],"wp:attachment":[{"href":"https:\/\/meier-gerdingh.de\/wp-spd-ob\/wp-json\/wp\/v2\/media?parent=3314"}],"wp:term":[{"taxonomy":"category","embeddable":true,"href":"https:\/\/meier-gerdingh.de\/wp-spd-ob\/wp-json\/wp\/v2\/categories?post=3314"},{"taxonomy":"post_tag","embeddable":true,"href":"https:\/\/meier-gerdingh.de\/wp-spd-ob\/wp-json\/wp\/v2\/tags?post=3314"},{"taxonomy":"quellen","embeddable":true,"href":"https:\/\/meier-gerdingh.de\/wp-spd-ob\/wp-json\/wp\/v2\/quellen?post=3314"}],"curies":[{"name":"wp","href":"https:\/\/api.w.org\/{rel}","templated":true}]}}