{"id":3316,"date":"2016-10-21T16:05:37","date_gmt":"2016-10-21T14:05:37","guid":{"rendered":"http:\/\/meier-gerdingh.de\/wp-spd-ob\/?p=3316"},"modified":"2016-11-29T17:16:18","modified_gmt":"2016-11-29T16:16:18","slug":"bundestag-beschliesst-gesetz-zur-flexi-rente","status":"publish","type":"post","link":"https:\/\/meier-gerdingh.de\/wp-spd-ob\/2016\/10\/21\/bundestag-beschliesst-gesetz-zur-flexi-rente\/","title":{"rendered":"Bundestag beschlie\u00dft Gesetz zur Flexi-Rente"},"content":{"rendered":"<p><div id=\"attachment_1681\" style=\"width: 150px\" class=\"wp-caption alignleft\"><a href=\"http:\/\/meier-gerdingh.de\/wp-spd-ob\/wp-content\/uploads\/voepel_dirk_mdb.jpg\"><img aria-describedby=\"caption-attachment-1681\" decoding=\"async\" src=\"http:\/\/meier-gerdingh.de\/wp-spd-ob\/wp-content\/uploads\/voepel_dirk_mdb.jpg\" alt=\"Dirk V\u00f6pel ist der direkt gew\u00e4hlte Bundestagsabgeordnete f\u00fcr Oberhausen und Dinslaken\" width=\"140\" height=\"180\" class=\"size-full wp-image-1681\" \/><\/a><p id=\"caption-attachment-1681\" class=\"wp-caption-text\">Dirk V\u00f6pel ist der direkt gew\u00e4hlte Bundestagsabgeordnete f\u00fcr Oberhausen und Dinslaken<\/p><\/div>Der Deutsche Bundestag hat am heutigen Freitag die von einer Koalitions-Arbeitsgruppe auf den Weg gebrachte Flexi-Rente beschlossen. Der Bundestagsabgeordnete Dirk V\u00f6pel \u00e4u\u00dferte sich sehr zufrieden mit dem Ergebnis: &#8222;Unser Ziel war, anstelle eines starren Korsetts selbstbestimmte M\u00f6glichkeiten f\u00fcr einen schrittweisen Ausstieg aus dem Erwerbsleben zu schaffen. Dabei sollen sowohl individuelle Erwerbsbiografien wie auch die pers\u00f6nlichen Vorstellungen der Besch\u00e4ftigten ber\u00fccksichtigt werden&#8220;, so V\u00f6pel.<!--more--><\/p>\n<h3 class=\"spd-ob-crossheading\">St\u00e4rkung von Pr\u00e4vention, Rehabilitation und Nachsorge<\/h3>\n<p>Zentral sei, dass die Besch\u00e4ftigten gesund und fit das Rentenalter erreichen k\u00f6nnen. &#8222;Wir wollen verhindern, dass Menschen aus gesundheitlichen Gr\u00fcnden fr\u00fch aus dem Arbeitsleben ausscheiden m\u00fcssen, arbeitslos werden oder Erwerbsminderungsrente beziehen m\u00fcssen. Daher schafft die Flexi-Rente eine Vorsorgekette, die von der Pr\u00e4vention \u00fcber die Rehabilitation bis zur Nachsorge reicht&#8220;, erg\u00e4nzt der SPD-Bundestagsabgeordnete. <\/p>\n<p>Mit einem individuellen berufsbezogenen Gesundheitscheck ab dem 45. Lebensjahr sollen Pr\u00e4ventions- und Rehabilitationsbedarfe fr\u00fchzeitig erkannt und passende Ma\u00dfnahmen aus dem Gesundheits- wie dem Arbeitsmarktbereich angeboten werden k\u00f6nnen. Zudem werde ein Rechtsanspruch auf Kinder- und Jugendrehabilitation mit der M\u00f6glichkeit zur Nachsorge eingef\u00fchrt.<\/p>\n<h3 class=\"spd-ob-crossheading\">V\u00f6pel: &#8222;Expertenanh\u00f6rung best\u00e4tigt unseren Kurs&#8220;<\/h3>\n<p>Diese Ma\u00dfnahmen fanden auch bei der Expertenanh\u00f6rung im Bundestag am 17. Oktober gro\u00dfe Zustimmung. So betonte Christof Lawall, Gesch\u00e4ftsf\u00fchrer von Degemed: &#8222;Wir begr\u00fc\u00dfen diese Idee des Gesundheitschecks. Das ist tats\u00e4chlich ein intelligentes Modell, f\u00fcr eine aufsuchende und abholende Pr\u00e4ventionsstrategie. Das ist Sozialpolitik, die auf den demografischen Wandel reagiert, die richtigen Akzente setzt und den Rentenversicherungstr\u00e4gern die M\u00f6glichkeit gibt, offensiv mit diesem Thema umzugehen.&#8220;<\/p>\n<p>Auch Alwin Baumann vom B\u00fcndnis Kinder- und Jugendreha unterst\u00fctzte den Gesetzentwurf: &#8222;Ich bewerte die \u00c4nderung, dass Kinder und Jugendliche Erwachse-nen gleichgestellt werden, dass wir eine Pflichtleistung und die M\u00f6glichkeit der Nachsorge haben, als wirklich historisch.&#8220;<\/p>\n<h3 class=\"spd-ob-crossheading\">Teilrente wird individueller und flexibler<\/h3>\n<p>Weiterhin werde der Renteneintritt individueller und flexibler. Die Teilrente k\u00f6nne stufenlos in Anspruch genommen werden. Ein einfaches Anrechnungsmodell ersetze die bisherigen Hinzuverdienstgrenzen. 6.300 Euro pro Jahr seien anrechnungsfrei, jeder Verdienst dar\u00fcber hinaus werde mit 40 Prozent auf die Rente angerechnet. &#8222;So kann der \u00dcbergang in die Rente schrittweise und passend zur individuellen Lebensplanung erfolgen&#8220;, so Dirk V\u00f6pel abschlie\u00dfend.<\/p>\n","protected":false},"excerpt":{"rendered":"<p>Der Deutsche Bundestag hat am heutigen Freitag die von einer Koalitions-Arbeitsgruppe auf den Weg gebrachte Flexi-Rente beschlossen. Der Bundestagsabgeordnete Dirk V\u00f6pel \u00e4u\u00dferte sich sehr zufrieden mit dem Ergebnis: &#8222;Unser Ziel&hellip; <\/p>\n","protected":false},"author":1,"featured_media":0,"comment_status":"closed","ping_status":"closed","sticky":false,"template":"","format":"standard","meta":{"footnotes":""},"categories":[174],"tags":[120,910,906,907,909,703,912,911,908],"quellen":[330],"class_list":["post-3316","post","type-post","status-publish","format-standard","hentry","category-arbeit-und-soziales","tag-bundestag","tag-demographischer-wandel","tag-flexi-rente","tag-gesundheitscheck","tag-hinzuverdienstgrenzen","tag-rente","tag-renteneintritt","tag-renteneintrittsalter","tag-teilrente","quellen-mdb-dirk-voepel"],"_links":{"self":[{"href":"https:\/\/meier-gerdingh.de\/wp-spd-ob\/wp-json\/wp\/v2\/posts\/3316","targetHints":{"allow":["GET"]}}],"collection":[{"href":"https:\/\/meier-gerdingh.de\/wp-spd-ob\/wp-json\/wp\/v2\/posts"}],"about":[{"href":"https:\/\/meier-gerdingh.de\/wp-spd-ob\/wp-json\/wp\/v2\/types\/post"}],"author":[{"embeddable":true,"href":"https:\/\/meier-gerdingh.de\/wp-spd-ob\/wp-json\/wp\/v2\/users\/1"}],"replies":[{"embeddable":true,"href":"https:\/\/meier-gerdingh.de\/wp-spd-ob\/wp-json\/wp\/v2\/comments?post=3316"}],"version-history":[{"count":0,"href":"https:\/\/meier-gerdingh.de\/wp-spd-ob\/wp-json\/wp\/v2\/posts\/3316\/revisions"}],"wp:attachment":[{"href":"https:\/\/meier-gerdingh.de\/wp-spd-ob\/wp-json\/wp\/v2\/media?parent=3316"}],"wp:term":[{"taxonomy":"category","embeddable":true,"href":"https:\/\/meier-gerdingh.de\/wp-spd-ob\/wp-json\/wp\/v2\/categories?post=3316"},{"taxonomy":"post_tag","embeddable":true,"href":"https:\/\/meier-gerdingh.de\/wp-spd-ob\/wp-json\/wp\/v2\/tags?post=3316"},{"taxonomy":"quellen","embeddable":true,"href":"https:\/\/meier-gerdingh.de\/wp-spd-ob\/wp-json\/wp\/v2\/quellen?post=3316"}],"curies":[{"name":"wp","href":"https:\/\/api.w.org\/{rel}","templated":true}]}}