{"id":332,"date":"2004-03-17T17:00:00","date_gmt":"2004-03-17T15:00:00","guid":{"rendered":"http:\/\/www.meier-gerdingh.de\/spd-oberhausen\/wp\/?p=332"},"modified":"2017-05-14T14:00:48","modified_gmt":"2017-05-14T12:00:48","slug":"einmuetige-unterstuetzung-fuer-klaus-wehling-als-oberbuergermeisterkandidat","status":"publish","type":"post","link":"https:\/\/meier-gerdingh.de\/wp-spd-ob\/2004\/03\/17\/einmuetige-unterstuetzung-fuer-klaus-wehling-als-oberbuergermeisterkandidat\/","title":{"rendered":"Einm\u00fctige Unterst\u00fctzung f\u00fcr Klaus Wehling als Oberb\u00fcrgermeisterkandidat"},"content":{"rendered":"<div style=\"width: 150px\" class=\"wp-caption alignleft\"><a href=\"http:\/\/meier-gerdingh.de\/wp-spd-ob\/wp-content\/uploads\/wehling.jpg\"><img decoding=\"async\" class=\"size-full\" src=\"http:\/\/meier-gerdingh.de\/wp-spd-ob\/wp-content\/uploads\/wehling.jpg\" alt=\"Einstimmiges Votum f\u00fcr Klaus Wehling im UB-Ausschuss der Oberhausener SPD\" width=\"140\" height=\"191\" \/><\/a><p class=\"wp-caption-text\">Einstimmiges Votum f\u00fcr Klaus Wehling im UB-Ausschuss der Oberhausener SPD<\/p><\/div>\n<p>Der SPD-Unterbezirksausschuss bereitete in der vergangenem Woche die anstehende Wahlkreisdelegiertenkonferenz sowie den UB-Parteitag am 22. M\u00e4rz vor. Hierbei begr\u00fc\u00dften die anwesenden Delegierten einm\u00fctig den Vorschlag, den ersten B\u00fcrgermeister Klaus Wehling als SPD-Spitzenkandidaten f\u00fcr die Kommunalwahl zu nominieren.<!--more--><\/p>\n<p>Au\u00dferdem stellten die Delegierten fest, dass es die SPD in Oberhausen war, die den Strukturwandel vor Ort vorangetrieben hat. &#8222;Wir haben vor Ort viel getan, aber es ist auch noch viel zu tun. Die SPD hat die besseren Konzepte mit klaren Perspektiven und sozialer Verantwortung f\u00fcr die Stadt. Der Strukturwandel braucht eine stabile politische Basis&#8220;, so der Oberhausener SPD-Vorsitzende Hartmut Schmidt. Hierzu soll am 22. M\u00e4rz ein starkes Team aus erfahrenen und neuen Kr\u00e4ften aufgestellt werden.<\/p>\n<p>Bei den Diskussionen wurden auch die europ\u00e4ischen Herausforderungen an die Kommunalpolitik und der anstehende Europawahlkampf sowie die Stadtteilaktionen der Ortsvereine in der hei\u00dfen Phase angesprochen. Es ist zu hoffen, dass die Oberhausener die Europawahl nicht als unwichtige &#8222;Denkzettel-Wahl&#8220; ansehen. Schlie\u00dflich hat die CDU mit ihren Beschl\u00fcssen zum Arbeits- und Tarifrecht aufgezeigt, dass eine schwarz-gelbe Mehrheit das Ende des Sozialstaats und die Entmachtung der Gewerkschaften bedeuten w\u00fcrde. Ginge es nach der Union m\u00fcssten deutsche Soldaten in den Irak.<\/p>\n<p>&#8222;Es geht am 13. Juni um Europa und hier ist die Sozialdemokratie ein Garant daf\u00fcr, dass die EU Verantwortung f\u00fcr Frieden und Sicherheit auch \u00fcber die Grenzen Europas \u00fcbernimmt und den sozialen Zusammenhalt bewahrt&#8220;, so Karsten Bron. Auf der Tagesordnung stand auch die Neuwahl des Leitungsgremiums. Als Ausschussvorsitzender wurde Karsten Bron in seinem Amt best\u00e4tigt. Neugew\u00e4hlt wurden Sonja Bongers als stellvertretende Vorsitzende und Judith Holtz als Schriftf\u00fchrerin.<\/p>\n","protected":false},"excerpt":{"rendered":"<p>Der SPD-Unterbezirksausschuss bereitete in der vergangenem Woche die anstehende Wahlkreisdelegiertenkonferenz sowie den UB-Parteitag am 22. M\u00e4rz vor. Hierbei begr\u00fc\u00dften die anwesenden Delegierten einm\u00fctig den Vorschlag, den ersten B\u00fcrgermeister Klaus Wehling&hellip; <\/p>\n","protected":false},"author":1,"featured_media":0,"comment_status":"closed","ping_status":"closed","sticky":false,"template":"","format":"standard","meta":{"footnotes":""},"categories":[1],"tags":[],"quellen":[],"class_list":["post-332","post","type-post","status-publish","format-standard","hentry","category-allgemein"],"_links":{"self":[{"href":"https:\/\/meier-gerdingh.de\/wp-spd-ob\/wp-json\/wp\/v2\/posts\/332","targetHints":{"allow":["GET"]}}],"collection":[{"href":"https:\/\/meier-gerdingh.de\/wp-spd-ob\/wp-json\/wp\/v2\/posts"}],"about":[{"href":"https:\/\/meier-gerdingh.de\/wp-spd-ob\/wp-json\/wp\/v2\/types\/post"}],"author":[{"embeddable":true,"href":"https:\/\/meier-gerdingh.de\/wp-spd-ob\/wp-json\/wp\/v2\/users\/1"}],"replies":[{"embeddable":true,"href":"https:\/\/meier-gerdingh.de\/wp-spd-ob\/wp-json\/wp\/v2\/comments?post=332"}],"version-history":[{"count":0,"href":"https:\/\/meier-gerdingh.de\/wp-spd-ob\/wp-json\/wp\/v2\/posts\/332\/revisions"}],"wp:attachment":[{"href":"https:\/\/meier-gerdingh.de\/wp-spd-ob\/wp-json\/wp\/v2\/media?parent=332"}],"wp:term":[{"taxonomy":"category","embeddable":true,"href":"https:\/\/meier-gerdingh.de\/wp-spd-ob\/wp-json\/wp\/v2\/categories?post=332"},{"taxonomy":"post_tag","embeddable":true,"href":"https:\/\/meier-gerdingh.de\/wp-spd-ob\/wp-json\/wp\/v2\/tags?post=332"},{"taxonomy":"quellen","embeddable":true,"href":"https:\/\/meier-gerdingh.de\/wp-spd-ob\/wp-json\/wp\/v2\/quellen?post=332"}],"curies":[{"name":"wp","href":"https:\/\/api.w.org\/{rel}","templated":true}]}}