{"id":333,"date":"2004-03-18T17:00:00","date_gmt":"2004-03-18T15:00:00","guid":{"rendered":"http:\/\/www.meier-gerdingh.de\/spd-oberhausen\/wp\/?p=333"},"modified":"2017-05-14T14:00:38","modified_gmt":"2017-05-14T12:00:38","slug":"erweiterungen-an-real-und-gesamtschulen-sind-notwendig","status":"publish","type":"post","link":"https:\/\/meier-gerdingh.de\/wp-spd-ob\/2004\/03\/18\/erweiterungen-an-real-und-gesamtschulen-sind-notwendig\/","title":{"rendered":"Erweiterungen an Real- und Gesamtschulen sind notwendig"},"content":{"rendered":"<div style=\"width: 150px\" class=\"wp-caption alignleft\"><a href=\"http:\/\/meier-gerdingh.de\/wp-spd-ob\/wp-content\/uploads\/zimkeit.jpg\"><img decoding=\"async\" class=\"size-full\" src=\"http:\/\/meier-gerdingh.de\/wp-spd-ob\/wp-content\/uploads\/zimkeit.jpg\" alt=\"Stefan Zimkeit ist schulpolitischer Sprecher der SPD-Fraktion\" width=\"140\" height=\"180\" \/><\/a><p class=\"wp-caption-text\">Stefan Zimkeit ist schulpolitischer Sprecher der SPD-Fraktion<\/p><\/div>\n<p>Das Anmeldeverfahren f\u00fcr weiterf\u00fchrende Schulen zeigt nach Auffassung der SPD-Ratsfraktion, dass die Erweiterung der Theodor-Heuss-Realschule und der Gesamtschule Alt-Oberhausen, wie sie von der SPD vorgeschlagen wurden, richtig und notwendig sind. Stefan Zimkeit, schulpolitischer Sprecher der Fraktion, forderte die CDU auf, ihren Widerstand gegen die Erweiterungen aufzugeben und den zus\u00e4tzlichen Klassenz\u00fcgen im Rat zu zustimmen.<!--more--><\/p>\n<p>Die Erweiterung der Gesamtschule Alt-Oberhausen tr\u00e4gt danach dazu bei, der weiterhin hohen Nachfrage nach Gesamtschulpl\u00e4tzen besser als bisher nachzukommen. Die vorgesehene Aufstockung der Theodor-Heuss-Realschule erm\u00f6glicht es, allen W\u00fcnschen nach Realschulpl\u00e4tzen nachzukommen und leistet damit einen wichtigen Beitrag, um die schwierige Raumsituation an Realschulen zu entspannen.<\/p>\n<p>Die SPD fordert die Verwaltung auf, umgehend zu kl\u00e4ren, warum bei den Anmeldungen an den weiterf\u00fchrende Schulen 72 Kinder &#8222;fehlen&#8220;. Erst danach k\u00f6nne die Situation der Hauptschulen abschlie\u00dfend bewertet werden. Zwar werden hier die Anmeldezahlen durch Nachz\u00fcgler noch ansteigen und zudem sei f\u00fcr die Bewertung der Situation der Hauptschulen die Sch\u00fclerzahl im siebten Jahrgang ausschlaggebend, doch sei es notwendig, die weitere Entwicklung der Hauptschulen genau zu beobachten, auch wenn es keinen aktuellen organisatorischen Handlungsbedarf gebe.<\/p>\n<p>An den Gymnasien k\u00f6nnen alle Kinder die gew\u00fcnschte Schulform besuchen, auch wenn nicht alle W\u00fcnsche nach einer speziellen Schule erf\u00fcllt werden k\u00f6nnen.<\/p>\n<p>&#8222;Unsere Vorschl\u00e4ge zur Einrichtung zus\u00e4tzlicher Z\u00fcge an Real- und Gesamtschulen verfolgen das Ziel, dem Elterwillen weitestgehend nach zu kommen und gleichzeitig die schwierige finanzielle Situation der Stadt im Auge zu behalten&#8220;, erl\u00e4uterte der Fraktionsvorsitzende Wolfgang Gro\u00dfe Br\u00f6mer die Position der SPD. Das Anmeldeverfahren habe gezeigt, dass dies der richtige Weg sei.<\/p>\n<p>Nun werde die SPD ein Konzept entwickeln, wie auf sinkende Sch\u00fclerzahlen und auf zu erwartende Ver\u00e4nderungen der Rahmenbedingungen durch das Land reagiert werden soll.<\/p>\n<p>Dabei d\u00fcrfen nach Ansicht der SPD-Fraktion nicht Einsparm\u00f6glichkeiten im Vordergrund stehen. R\u00fcckgehende Sch\u00fclerzahlen m\u00fcssen auch genutzt werden um qualitative Verbesserungen etwa durch kleinere Klassen zu erreichen. Von besonderer Bedeutung sei es, ein umfassendes, ortsnahes Hauptschulangebot zu erhalten und dem Elternwillen insbesondere nach Gesamtschulpl\u00e4tzen nachzukommen.<\/p>\n<p>Ziel der SPD bleibe es, auch unter schwierigen finanziellen Rahmenbedingungen, allen Sch\u00fclerinnen und Sch\u00fcler die M\u00f6glichkeit zu bieten, die f\u00fcr sie passende Schulausbildung zu erhalten.<\/p>\n","protected":false},"excerpt":{"rendered":"<p>Das Anmeldeverfahren f\u00fcr weiterf\u00fchrende Schulen zeigt nach Auffassung der SPD-Ratsfraktion, dass die Erweiterung der Theodor-Heuss-Realschule und der Gesamtschule Alt-Oberhausen, wie sie von der SPD vorgeschlagen wurden, richtig und notwendig sind.&hellip; <\/p>\n","protected":false},"author":1,"featured_media":0,"comment_status":"closed","ping_status":"closed","sticky":false,"template":"","format":"standard","meta":{"footnotes":""},"categories":[1],"tags":[],"quellen":[],"class_list":["post-333","post","type-post","status-publish","format-standard","hentry","category-allgemein"],"_links":{"self":[{"href":"https:\/\/meier-gerdingh.de\/wp-spd-ob\/wp-json\/wp\/v2\/posts\/333","targetHints":{"allow":["GET"]}}],"collection":[{"href":"https:\/\/meier-gerdingh.de\/wp-spd-ob\/wp-json\/wp\/v2\/posts"}],"about":[{"href":"https:\/\/meier-gerdingh.de\/wp-spd-ob\/wp-json\/wp\/v2\/types\/post"}],"author":[{"embeddable":true,"href":"https:\/\/meier-gerdingh.de\/wp-spd-ob\/wp-json\/wp\/v2\/users\/1"}],"replies":[{"embeddable":true,"href":"https:\/\/meier-gerdingh.de\/wp-spd-ob\/wp-json\/wp\/v2\/comments?post=333"}],"version-history":[{"count":0,"href":"https:\/\/meier-gerdingh.de\/wp-spd-ob\/wp-json\/wp\/v2\/posts\/333\/revisions"}],"wp:attachment":[{"href":"https:\/\/meier-gerdingh.de\/wp-spd-ob\/wp-json\/wp\/v2\/media?parent=333"}],"wp:term":[{"taxonomy":"category","embeddable":true,"href":"https:\/\/meier-gerdingh.de\/wp-spd-ob\/wp-json\/wp\/v2\/categories?post=333"},{"taxonomy":"post_tag","embeddable":true,"href":"https:\/\/meier-gerdingh.de\/wp-spd-ob\/wp-json\/wp\/v2\/tags?post=333"},{"taxonomy":"quellen","embeddable":true,"href":"https:\/\/meier-gerdingh.de\/wp-spd-ob\/wp-json\/wp\/v2\/quellen?post=333"}],"curies":[{"name":"wp","href":"https:\/\/api.w.org\/{rel}","templated":true}]}}