{"id":335,"date":"2004-03-23T17:00:00","date_gmt":"2004-03-23T15:00:00","guid":{"rendered":"http:\/\/www.meier-gerdingh.de\/spd-oberhausen\/wp\/?p=335"},"modified":"2017-05-14T14:00:23","modified_gmt":"2017-05-14T12:00:23","slug":"spd-arbeitskreis-informiert-sich-ueber-schulsozialarbeit","status":"publish","type":"post","link":"https:\/\/meier-gerdingh.de\/wp-spd-ob\/2004\/03\/23\/spd-arbeitskreis-informiert-sich-ueber-schulsozialarbeit\/","title":{"rendered":"SPD-Arbeitskreis informiert sich \u00fcber Schulsozialarbeit"},"content":{"rendered":"<div style=\"width: 190px\" class=\"wp-caption alignleft\"><a href=\"http:\/\/meier-gerdingh.de\/wp-spd-ob\/wp-content\/uploads\/bonhoeffer_schule.jpg\"><img decoding=\"async\" class=\"size-full\" src=\"http:\/\/meier-gerdingh.de\/wp-spd-ob\/wp-content\/uploads\/bonhoeffer_schule.jpg\" alt=\"Mitglieder des AK Schule im Computerraum der Dietrich-Bonhoeffer-Schule\" width=\"180\" height=\"151\" \/><\/a><p class=\"wp-caption-text\">Mitglieder des AK Schule im Computerraum der Dietrich-Bonhoeffer-Schule<\/p><\/div>\n<p>Die F\u00f6rderung von Grundsch\u00fclerinnen und Grundsch\u00fclern hat in Oberhausen einen hohen Stellenwert. Davon konnten sich die SPD-Schulpolitiker und Schulpolitikerinnen an der Dietrich-Bonhoeffer-Schule in Osterfeld \u00fcberzeugen. Vorgestellt wurde durch den Schulleiter Herbert Schl\u00fcsener und Nadine Przybylski insbesondere die Schulsozialarbeit, die im Verbund von vier Osterfelder Grundschulen durchgef\u00fchrt wird. Im Mittelpunkt dieser Arbeit stehen die Beratung von Eltern, die Familienarbeit und Ma\u00dfnahmen f\u00fcr auff\u00e4llige Sch\u00fclerinnen und Sch\u00fcler.<!--more--><\/p>\n<p>Die Mitglieder der SPD-Fraktion konnten feststellen, dass die Einf\u00fchrung der st\u00e4dtischen Schulsozialarbeit auf Grundlage des SPD-Antrages f\u00fcr ein &#8222;Netzwerk gegen Schulverweigerung&#8220; die Schulen in ihrer Arbeit ma\u00dfgeblich unterst\u00fctzt. Zudem erwies sich auch die Anregung der Sozialdemokraten als richtig, die Sozialarbeit auf Grundschulen auszuweiten.<\/p>\n<p>Besonders begr\u00fc\u00dft wurden auch Ma\u00dfnahmen zur Vorbeugung gegen Gewalt an Schulen, wie sie u.a. an der Dietrich-Bonhoeffer-Schule durchgef\u00fchrt werden. Gewalt sei an allen Schulen ein zunehmendes Problem, erkl\u00e4rte die SPD-Stadtverordnete Walburga Grunauer, so dass vorbeugende Ma\u00dfnahmen von besonderer Bedeutung sind.<\/p>\n<p>Deutlich verst\u00e4rkt wurde in den letzten Jahren die Sprachf\u00f6rderung f\u00fcr Grundschulkinder. Neben der erheblichen Ausweitung von Sprachf\u00f6rderma\u00dfnahmen vor der Einschulung werden auch an den Schulen weitere F\u00f6rderma\u00dfnahmen angeboten. Dies sei nicht nur f\u00fcr Sch\u00fclerinnen und Sch\u00fcler mit Migrationshintergrund wichtig, erl\u00e4utert Herbert Schl\u00fcsener als Schulleiter. Auch bei deutschen Sch\u00fclerinnen und Sch\u00fcler wachse hier der Bedarf.<\/p>\n<p>Zus\u00e4tzlich wurde nun das von der Dietrich-Bonhoeffer-Schule entwickelte Projekt &#8222;zus\u00e4tzlicher Sprachunterricht f\u00fcr Migrantenkinder unter Einbeziehung des PC-Raums&#8220; vom Rotarier-Club ausgew\u00e4hlt und wird nun finanziell gef\u00f6rdert. Die Bonhoeffer-Schule verf\u00fcgt \u00fcber den hierf\u00fcr notwendigen EDV-Raum, in dem schon die J\u00fcngsten fr\u00fchzeitig in der Nutzung moderner Techniken unterrichtet werden.<\/p>\n<p>Zum umfangreichen Unterst\u00fctzungsangebot an Grundschulen geh\u00f6rt auch das Angebot eines Schulfr\u00fchst\u00fccks. An der Bonhoeffer-Schule wird dieses Fr\u00fchst\u00fcck mit aktiver Unterst\u00fctzung von Eltern und Gesch\u00e4ftsleuten aus dem Stadtteil angeboten. Dies sei auch ein Beitrag, die Lernf\u00e4higkeit der Sch\u00fclerinnen und Sch\u00fcler zu erh\u00f6hen. Die Schule begr\u00fc\u00dfte es in diesem Zusammenhang, dass die Stadt zuk\u00fcnftig die Durchf\u00fchrung des Schulfr\u00fchst\u00fccks finanziell unterst\u00fctzen wird.<\/p>\n<p>In der Diskussion wurde deutlich, dass es einer Vernetzung vielf\u00e4ltiger F\u00f6rderma\u00dfnahmen bedarf, um die Leistungen von Sch\u00fclerinnen und Sch\u00fclern zu verbessern. Die Mitglieder der SPD-Fraktion zeigten sich beeindruckt \u00fcber die Vielf\u00e4ltigkeit der Ma\u00dfnahmen, die an der Dietrich-Bonhoeffer-Schule durchgef\u00fchrt werden. Dies sei sehr positiv f\u00fcr Sch\u00fclerinnen und Sch\u00fcler.<\/p>\n<p>Die Schule k\u00fcndigte an, sich um die Teilnahme am Projekt offene Ganztagsgrundschule zu bewerben, um die Voraussetzung zur F\u00f6rderung von Sch\u00fclerinnen und Sch\u00fcler weiter zu verbessern. Es g\u00e4be entsprechendes Interesse von Eltern und die M\u00f6glichkeit zur Zusammenarbeit mit Tr\u00e4gern der Jugendhilfe aus dem Stadtteil. Hierbei sagte die SPD-Fraktion ihre Unterst\u00fctzung zu.<\/p>\n<p>F\u00fcr die sozialdemokratischen Bildungspolitiker wurde bei ihrem Besuch deutlich, dass es richtig war, in Oberhausen einen Schwerpunkt bei der F\u00f6rderung von Grundsch\u00fclerinnen und Grundsch\u00fclern zu setzen. Die SPD hat in den letzten Jahren eine Reihe von Ma\u00dfnahmen auf den Weg gebracht, um die Grundschulen in ihrer Arbeit zu unterst\u00fctzen, so Stefan Zimkeit, schulpolitischer Sprecher, und nannte als Beispiele die Einf\u00fchrung der Schulsozialarbeit auch an Grundschulen, den Einstieg in die schulvorbereitende Sprachf\u00f6rderung, die finanzielle Unterst\u00fctzung eines Schulfr\u00fchst\u00fccks und die Einf\u00fchrung der offenen Ganztagsgrundschule. Die SPD will diesen Weg in Zukunft fortsetzen.<\/p>\n","protected":false},"excerpt":{"rendered":"<p>Die F\u00f6rderung von Grundsch\u00fclerinnen und Grundsch\u00fclern hat in Oberhausen einen hohen Stellenwert. Davon konnten sich die SPD-Schulpolitiker und Schulpolitikerinnen an der Dietrich-Bonhoeffer-Schule in Osterfeld \u00fcberzeugen. Vorgestellt wurde durch den Schulleiter&hellip; <\/p>\n","protected":false},"author":1,"featured_media":0,"comment_status":"closed","ping_status":"closed","sticky":false,"template":"","format":"standard","meta":{"footnotes":""},"categories":[1],"tags":[],"quellen":[],"class_list":["post-335","post","type-post","status-publish","format-standard","hentry","category-allgemein"],"_links":{"self":[{"href":"https:\/\/meier-gerdingh.de\/wp-spd-ob\/wp-json\/wp\/v2\/posts\/335","targetHints":{"allow":["GET"]}}],"collection":[{"href":"https:\/\/meier-gerdingh.de\/wp-spd-ob\/wp-json\/wp\/v2\/posts"}],"about":[{"href":"https:\/\/meier-gerdingh.de\/wp-spd-ob\/wp-json\/wp\/v2\/types\/post"}],"author":[{"embeddable":true,"href":"https:\/\/meier-gerdingh.de\/wp-spd-ob\/wp-json\/wp\/v2\/users\/1"}],"replies":[{"embeddable":true,"href":"https:\/\/meier-gerdingh.de\/wp-spd-ob\/wp-json\/wp\/v2\/comments?post=335"}],"version-history":[{"count":0,"href":"https:\/\/meier-gerdingh.de\/wp-spd-ob\/wp-json\/wp\/v2\/posts\/335\/revisions"}],"wp:attachment":[{"href":"https:\/\/meier-gerdingh.de\/wp-spd-ob\/wp-json\/wp\/v2\/media?parent=335"}],"wp:term":[{"taxonomy":"category","embeddable":true,"href":"https:\/\/meier-gerdingh.de\/wp-spd-ob\/wp-json\/wp\/v2\/categories?post=335"},{"taxonomy":"post_tag","embeddable":true,"href":"https:\/\/meier-gerdingh.de\/wp-spd-ob\/wp-json\/wp\/v2\/tags?post=335"},{"taxonomy":"quellen","embeddable":true,"href":"https:\/\/meier-gerdingh.de\/wp-spd-ob\/wp-json\/wp\/v2\/quellen?post=335"}],"curies":[{"name":"wp","href":"https:\/\/api.w.org\/{rel}","templated":true}]}}