{"id":336,"date":"2004-03-23T17:00:00","date_gmt":"2004-03-23T15:00:00","guid":{"rendered":"http:\/\/www.meier-gerdingh.de\/spd-oberhausen\/wp\/?p=336"},"modified":"2017-05-14T14:00:30","modified_gmt":"2017-05-14T12:00:30","slug":"migrationsrat-auf-den-weg-bringen","status":"publish","type":"post","link":"https:\/\/meier-gerdingh.de\/wp-spd-ob\/2004\/03\/23\/migrationsrat-auf-den-weg-bringen\/","title":{"rendered":"Migrationsrat auf den Weg bringen"},"content":{"rendered":"<div style=\"width: 150px\" class=\"wp-caption alignleft\"><a href=\"http:\/\/meier-gerdingh.de\/wp-spd-ob\/wp-content\/uploads\/grosse_broemer_rede.jpg\"><img decoding=\"async\" class=\"size-full\" src=\"http:\/\/meier-gerdingh.de\/wp-spd-ob\/wp-content\/uploads\/grosse_broemer_rede.jpg\" alt=\"Wolfgang Gro\u00dfe Br\u00f6mer ist Vorsitzender der SPD-Fraktion und Mitglied des Landtags von Nordrhein-Westfalen\" width=\"140\" height=\"186\" \/><\/a><p class=\"wp-caption-text\">Wolfgang Gro\u00dfe Br\u00f6mer ist Vorsitzender der SPD-Fraktion und Mitglied des Landtags von Nordrhein-Westfalen<\/p><\/div>\n<p>Einen Migrationsrat f\u00fcr Oberhausen wollen die Internationale Liste im Ausl\u00e4nderbeirat und die SPD-Ratsfraktion auf den Weg bringen. Dies teilen Ercan Telli als Listensprecher und der SPD-Fraktionsvorsitzende Wolfgang Gro\u00dfe Br\u00f6mer mit. Beide greifen damit aktuelle Diskussionen im Ausl\u00e4nderbeirat auf, der durch einen Migrationsrat die Arbeit des bisherigen Ausl\u00e4nderbeirats verbessern will.<!--more--><\/p>\n<p>Telli betont, dass der Ausl\u00e4nderbeirat in Oberhausen mit einer eigenen Gesch\u00e4ftsstelle und der Vertretung in den Ratsgremien schon gute Arbeitsbedingungen habe. Nun ginge es darum, die Zusammenarbeit mit dem Rat weiter zu verbessern. Hierzu schl\u00e4gt der Ausl\u00e4nderbeirat vor, einen Migrationsrat zu gr\u00fcnden, dem zu zwei Dritteln direkt gew\u00e4hlte Vertreter und Vertreterinnen der ausl\u00e4ndischen Mitb\u00fcrger angeh\u00f6ren und zu einem Drittel Mitglieder, die aus der Mitte des Rates entsandt werden.<\/p>\n<p>Diesen Vorschlag unterst\u00fctzen die SPD und die internationale Liste. Diskussionsbedarf gibt es dabei noch \u00fcber die Gr\u00f6\u00dfe des Gremiums. Nach Auffassung von Ercan Telli darf das Gremium nicht zu gro\u00df werden, um arbeitsf\u00e4hig zu sein. Es k\u00f6nnte sich hier an der Gr\u00f6\u00dfe von Ratsaussch\u00fcssen orientiert werden. Wobei Gro\u00dfe Br\u00f6mer und Telli betonten, dass es hier einen Kompromiss zwischen allen Beteiligten geben muss.<\/p>\n<p>Wolfgang Gro\u00dfe Br\u00f6mer k\u00fcndigte an, das Thema mit den anderen Ratsfraktionen zu er\u00f6rtern mit dem Ziel, ein gemeinsames Vorgehen zu erreichen. &#8222;Wir schlagen vor, die Verwaltung in einem gemeinsamen Antrag der Fraktionen und des Ausl\u00e4nderbeirates zu beauftragen, alle n\u00f6tigen Vorbereitungen zur Einrichtung des Migrationsrates zu treffen.&#8220;<br \/>\nDie Wahlen f\u00fcr die ausl\u00e4ndischen Vertreter und Vertreterinnen im Migrationssrat sollen auf Vorschlag des Ausl\u00e4nderbeirates am 21.\u00a0November stattfinden.<\/p>\n<p>Langfristig bef\u00fcrworten die Internationale Liste und die SPD die Einf\u00fchrung eines Migrationsausschusses des Rates, der als normaler Ratsauschuss arbeiten soll, dem aber direkt gew\u00e4hlte Vertreter und Vertreterinnen der ausl\u00e4ndischen Bev\u00f6lkerung auch mehrheitlich angeh\u00f6ren k\u00f6nnen. Um dies zu erreichen, sind aber \u00c4nderungen von Landesgesetzen notwendig. Gro\u00dfe Br\u00f6mer, der Vorsitzender des Migrationsausschusse des Landtages ist, k\u00fcndigte an, dass diese \u00c4nderungen in der n\u00e4chsten Wahlperiode des Landtages diskutiert w\u00fcrden.<\/p>\n<p>Grunds\u00e4tzlich erhoffen sich Wolfgang Gro\u00dfe Br\u00f6mer und Ercan Telli durch die Neuerungen einen weiter verbesserten Dialog zwischen den Menschen unterschiedlicher Herkunft in Oberhausen, zur F\u00f6rderung des friedlichen, auf gegenseitigem Respekt gr\u00fcndenden Zusammenlebens in unserer Stadt.<\/p>\n","protected":false},"excerpt":{"rendered":"<p>Einen Migrationsrat f\u00fcr Oberhausen wollen die Internationale Liste im Ausl\u00e4nderbeirat und die SPD-Ratsfraktion auf den Weg bringen. Dies teilen Ercan Telli als Listensprecher und der SPD-Fraktionsvorsitzende Wolfgang Gro\u00dfe Br\u00f6mer mit.&hellip; <\/p>\n","protected":false},"author":1,"featured_media":0,"comment_status":"closed","ping_status":"closed","sticky":false,"template":"","format":"standard","meta":{"footnotes":""},"categories":[1],"tags":[],"quellen":[],"class_list":["post-336","post","type-post","status-publish","format-standard","hentry","category-allgemein"],"_links":{"self":[{"href":"https:\/\/meier-gerdingh.de\/wp-spd-ob\/wp-json\/wp\/v2\/posts\/336","targetHints":{"allow":["GET"]}}],"collection":[{"href":"https:\/\/meier-gerdingh.de\/wp-spd-ob\/wp-json\/wp\/v2\/posts"}],"about":[{"href":"https:\/\/meier-gerdingh.de\/wp-spd-ob\/wp-json\/wp\/v2\/types\/post"}],"author":[{"embeddable":true,"href":"https:\/\/meier-gerdingh.de\/wp-spd-ob\/wp-json\/wp\/v2\/users\/1"}],"replies":[{"embeddable":true,"href":"https:\/\/meier-gerdingh.de\/wp-spd-ob\/wp-json\/wp\/v2\/comments?post=336"}],"version-history":[{"count":0,"href":"https:\/\/meier-gerdingh.de\/wp-spd-ob\/wp-json\/wp\/v2\/posts\/336\/revisions"}],"wp:attachment":[{"href":"https:\/\/meier-gerdingh.de\/wp-spd-ob\/wp-json\/wp\/v2\/media?parent=336"}],"wp:term":[{"taxonomy":"category","embeddable":true,"href":"https:\/\/meier-gerdingh.de\/wp-spd-ob\/wp-json\/wp\/v2\/categories?post=336"},{"taxonomy":"post_tag","embeddable":true,"href":"https:\/\/meier-gerdingh.de\/wp-spd-ob\/wp-json\/wp\/v2\/tags?post=336"},{"taxonomy":"quellen","embeddable":true,"href":"https:\/\/meier-gerdingh.de\/wp-spd-ob\/wp-json\/wp\/v2\/quellen?post=336"}],"curies":[{"name":"wp","href":"https:\/\/api.w.org\/{rel}","templated":true}]}}