{"id":348,"date":"2004-05-25T16:00:00","date_gmt":"2004-05-25T14:00:00","guid":{"rendered":"http:\/\/www.meier-gerdingh.de\/spd-oberhausen\/wp\/?p=348"},"modified":"2017-05-14T13:51:36","modified_gmt":"2017-05-14T11:51:36","slug":"spd-will-steg-am-antoniepark-erhalten","status":"publish","type":"post","link":"https:\/\/meier-gerdingh.de\/wp-spd-ob\/2004\/05\/25\/spd-will-steg-am-antoniepark-erhalten\/","title":{"rendered":"SPD will Steg am Antoniepark erhalten"},"content":{"rendered":"<div style=\"width: 150px\" class=\"wp-caption alignleft\"><a href=\"http:\/\/meier-gerdingh.de\/wp-spd-ob\/wp-content\/uploads\/heckhoff.jpg\"><img decoding=\"async\" class=\"size-full\" src=\"http:\/\/meier-gerdingh.de\/wp-spd-ob\/wp-content\/uploads\/heckhoff.jpg\" alt=\"Kandidiert im Wahlkreis Klosterhardt-S\u00fcd: Christian Heckhoff\" width=\"140\" height=\"192\" \/><\/a><p class=\"wp-caption-text\">Kandidiert im Wahlkreis Klosterhardt-S\u00fcd: Christian Heckhoff<\/p><\/div>\n<p>&#8222;Der Steg am Teich des Antonieparks sichert eine wichtige Gr\u00fcnwegeverbindung in Klosterhardt und hat einen hohen Freizeitwert f\u00fcr die B\u00fcrgerinnen und B\u00fcrger, deshalb muss seine Nutzung langfristig gesichert werden&#8220;, so fasste der SPD- Wahlkreiskandidat Christian Heckhoff die Position der Osterfelder SPD bei einem Ortstermin zusammen.<!--more--><\/p>\n<p>Seit l\u00e4ngerer Zeit ist der Holzsteg durch den Antoniepark teilweise gesperrt. Die angek\u00fcndigte Wiederherstellung des Stegs wurde bisher mehrmals verschoben. In einem Bericht f\u00fcr die n\u00e4chste Sitzung der Bezirksvertretung Osterfeld teilt die Verwaltung mit, dass die Wiederherstellung des Steges nicht gesichert sei.<\/p>\n<p>Die Verwaltung k\u00fcndigt an, den Zustand des Steges umfassend zu untersuchen. Im Rahmen dieser Untersuchung w\u00fcrde der Teich auch von Schlamm und M\u00fcll gereinigt.<\/p>\n<p>Die SPD-Fraktion wird zur n\u00e4chsten Sitzung der Bezirksvertretung einen Antrag vorlegen, der die Verwaltung auffordert, bei allen Ma\u00dfnahmen das Ziel zu verfolgen, die bisherigen Nutzungen des Steges abzusichern. Der SPD-Ortsvereinsvorsitzende Karl- Heinz Pflugbeil unterstrich das Ziel, eine L\u00f6sung zu finden, die sowohl den Freizeitinteressen der B\u00fcrgerinnen und B\u00fcrger, wie auch den Interessen des Naturschutzes Rechnung tr\u00e4gt.<\/p>\n<p>Gleichzeitig macht Wahlkreiskandidat Christian Heckhoff darauf aufmerksam, dass die Absperrung des gesperrten Teils des Steges unzureichend sei. Die Verwaltung sagte zu, sich umgehend darum zu k\u00fcmmern.<\/p>\n","protected":false},"excerpt":{"rendered":"<p>&#8222;Der Steg am Teich des Antonieparks sichert eine wichtige Gr\u00fcnwegeverbindung in Klosterhardt und hat einen hohen Freizeitwert f\u00fcr die B\u00fcrgerinnen und B\u00fcrger, deshalb muss seine Nutzung langfristig gesichert werden&#8220;, so&hellip; <\/p>\n","protected":false},"author":1,"featured_media":0,"comment_status":"closed","ping_status":"closed","sticky":false,"template":"","format":"standard","meta":{"footnotes":""},"categories":[1],"tags":[],"quellen":[],"class_list":["post-348","post","type-post","status-publish","format-standard","hentry","category-allgemein"],"_links":{"self":[{"href":"https:\/\/meier-gerdingh.de\/wp-spd-ob\/wp-json\/wp\/v2\/posts\/348","targetHints":{"allow":["GET"]}}],"collection":[{"href":"https:\/\/meier-gerdingh.de\/wp-spd-ob\/wp-json\/wp\/v2\/posts"}],"about":[{"href":"https:\/\/meier-gerdingh.de\/wp-spd-ob\/wp-json\/wp\/v2\/types\/post"}],"author":[{"embeddable":true,"href":"https:\/\/meier-gerdingh.de\/wp-spd-ob\/wp-json\/wp\/v2\/users\/1"}],"replies":[{"embeddable":true,"href":"https:\/\/meier-gerdingh.de\/wp-spd-ob\/wp-json\/wp\/v2\/comments?post=348"}],"version-history":[{"count":0,"href":"https:\/\/meier-gerdingh.de\/wp-spd-ob\/wp-json\/wp\/v2\/posts\/348\/revisions"}],"wp:attachment":[{"href":"https:\/\/meier-gerdingh.de\/wp-spd-ob\/wp-json\/wp\/v2\/media?parent=348"}],"wp:term":[{"taxonomy":"category","embeddable":true,"href":"https:\/\/meier-gerdingh.de\/wp-spd-ob\/wp-json\/wp\/v2\/categories?post=348"},{"taxonomy":"post_tag","embeddable":true,"href":"https:\/\/meier-gerdingh.de\/wp-spd-ob\/wp-json\/wp\/v2\/tags?post=348"},{"taxonomy":"quellen","embeddable":true,"href":"https:\/\/meier-gerdingh.de\/wp-spd-ob\/wp-json\/wp\/v2\/quellen?post=348"}],"curies":[{"name":"wp","href":"https:\/\/api.w.org\/{rel}","templated":true}]}}