{"id":350,"date":"2004-06-02T16:00:00","date_gmt":"2004-06-02T14:00:00","guid":{"rendered":"http:\/\/www.meier-gerdingh.de\/spd-oberhausen\/wp\/?p=350"},"modified":"2017-05-14T13:51:21","modified_gmt":"2017-05-14T11:51:21","slug":"sigmar-gabriel-zu-gast-bei-den-oberhausener-sozialdemokraten","status":"publish","type":"post","link":"https:\/\/meier-gerdingh.de\/wp-spd-ob\/2004\/06\/02\/sigmar-gabriel-zu-gast-bei-den-oberhausener-sozialdemokraten\/","title":{"rendered":"Sigmar Gabriel zu Gast bei den Oberhausener Sozialdemokraten"},"content":{"rendered":"<div style=\"width: 190px\" class=\"wp-caption alignleft\"><a href=\"http:\/\/meier-gerdingh.de\/wp-spd-ob\/wp-content\/uploads\/veranstaltung_gabriel.jpg\"><img decoding=\"async\" class=\"size-full\" src=\"http:\/\/meier-gerdingh.de\/wp-spd-ob\/wp-content\/uploads\/veranstaltung_gabriel.jpg\" alt=\"Von links: Oberb\u00fcrgermeister Burkhard Drescher, Europa-Kandidat Jens Geier, Sigmar Gabriel, OB-Kandidat Klaus Wehling\" width=\"180\" height=\"137\" \/><\/a><p class=\"wp-caption-text\">Von links: Oberb\u00fcrgermeister Burkhard Drescher, Europa-Kandidat Jens Geier, Sigmar Gabriel, OB-Kandidat Klaus Wehling<\/p><\/div>\n<p>Im Talk \u00fcber &#8222;Europa vor Ort&#8220; war Sigmar Gabriel, SPD-Fraktionschef im Nieders\u00e4chsischen Landtag am vergangenen Dienstagabend ins Bistro Albert&amp;039;s der Luise-Albertz-Halle gekommen, um \u00fcber das Thema Europa mit dem Kreishandwerksmeister J\u00f6rg Bischof und dem Superintendenten des evangelischen Kirchenkreises Nord, Dieter Hofmann, zu diskutieren.<!--more--><\/p>\n<p>Im gut besuchten Albert&#8217;s, ca. 100 G\u00e4ste, f\u00fchrten die Moderatoren Frank Motschull und Andr\u00e9 auf der Heiden durch das Gespr\u00e4ch, welches sich insbesondere mit wirtschaftlichen und sozialen Fragen der Europ\u00e4ischen Union besch\u00e4ftigte.<\/p>\n<p>W\u00e4hrend die beiden Mitdiskutanten Gabriels, Bischof und Hofmann, insbesondere auf die Situation des Handwerks und der Kirchen in einem zusammenwachsenden Europa hinwiesen, griff Sigmar Gabriel auch europ\u00e4ischen Themen wie EU-Subventionen f\u00fcr die Landwirtschaft, die noch nicht verabschiedete EU-Verfassung sowie Fragen der Arbeitnehmerrechte und Bildungschancen in einem vereinigten Europa auf.<\/p>\n<p>Alle drei Diskutanten stellten insbesondere heraus, dass das vereinigte Europa nun, 60 Jahre nach dem letzten Krieg, die Basis daf\u00fcr biete, dass auch zuk\u00fcnftige Generationen in Europa in Frieden und im gesellschaftlichen wie \u00f6konomischem Austausch leben k\u00f6nnen.<\/p>\n<p>Dazu, so Gabriel, geh\u00f6re aber auch ein starkes Europa, welches auch nach Au\u00dfen mit einer Stimme spr\u00e4che und zu einer einheitlichen Au\u00dfenpolitik finden m\u00fcsse. Das eine interessante Gespr\u00e4chsrunde zu Europa in dieser Form mit anderen Themen und Gespr\u00e4chspartnern wiederholt werden sollte, so die an der Diskussion beteiligten G\u00e4ste war am Dienstagabend im Albert&#8217;s der Luise-Albertz-Halle klar.<\/p>\n","protected":false},"excerpt":{"rendered":"<p>Im Talk \u00fcber &#8222;Europa vor Ort&#8220; war Sigmar Gabriel, SPD-Fraktionschef im Nieders\u00e4chsischen Landtag am vergangenen Dienstagabend ins Bistro Albert&amp;039;s der Luise-Albertz-Halle gekommen, um \u00fcber das Thema Europa mit dem Kreishandwerksmeister&hellip; <\/p>\n","protected":false},"author":1,"featured_media":0,"comment_status":"closed","ping_status":"closed","sticky":false,"template":"","format":"standard","meta":{"footnotes":""},"categories":[1],"tags":[],"quellen":[],"class_list":["post-350","post","type-post","status-publish","format-standard","hentry","category-allgemein"],"_links":{"self":[{"href":"https:\/\/meier-gerdingh.de\/wp-spd-ob\/wp-json\/wp\/v2\/posts\/350","targetHints":{"allow":["GET"]}}],"collection":[{"href":"https:\/\/meier-gerdingh.de\/wp-spd-ob\/wp-json\/wp\/v2\/posts"}],"about":[{"href":"https:\/\/meier-gerdingh.de\/wp-spd-ob\/wp-json\/wp\/v2\/types\/post"}],"author":[{"embeddable":true,"href":"https:\/\/meier-gerdingh.de\/wp-spd-ob\/wp-json\/wp\/v2\/users\/1"}],"replies":[{"embeddable":true,"href":"https:\/\/meier-gerdingh.de\/wp-spd-ob\/wp-json\/wp\/v2\/comments?post=350"}],"version-history":[{"count":0,"href":"https:\/\/meier-gerdingh.de\/wp-spd-ob\/wp-json\/wp\/v2\/posts\/350\/revisions"}],"wp:attachment":[{"href":"https:\/\/meier-gerdingh.de\/wp-spd-ob\/wp-json\/wp\/v2\/media?parent=350"}],"wp:term":[{"taxonomy":"category","embeddable":true,"href":"https:\/\/meier-gerdingh.de\/wp-spd-ob\/wp-json\/wp\/v2\/categories?post=350"},{"taxonomy":"post_tag","embeddable":true,"href":"https:\/\/meier-gerdingh.de\/wp-spd-ob\/wp-json\/wp\/v2\/tags?post=350"},{"taxonomy":"quellen","embeddable":true,"href":"https:\/\/meier-gerdingh.de\/wp-spd-ob\/wp-json\/wp\/v2\/quellen?post=350"}],"curies":[{"name":"wp","href":"https:\/\/api.w.org\/{rel}","templated":true}]}}