{"id":352,"date":"2004-06-10T16:00:00","date_gmt":"2004-06-10T14:00:00","guid":{"rendered":"http:\/\/www.meier-gerdingh.de\/spd-oberhausen\/wp\/?p=352"},"modified":"2017-05-14T13:50:40","modified_gmt":"2017-05-14T11:50:40","slug":"fahrdienst-der-spd-am-sonntag-13-juni-2004","status":"publish","type":"post","link":"https:\/\/meier-gerdingh.de\/wp-spd-ob\/2004\/06\/10\/fahrdienst-der-spd-am-sonntag-13-juni-2004\/","title":{"rendered":"Fahrdienst der SPD am Sonntag, 13. Juni 2004"},"content":{"rendered":"<div style=\"width: 150px\" class=\"wp-caption alignleft\"><a href=\"http:\/\/meier-gerdingh.de\/wp-spd-ob\/wp-content\/uploads\/logo_spd_ob.gif\"><img decoding=\"async\" class=\"size-full\" src=\"http:\/\/meier-gerdingh.de\/wp-spd-ob\/wp-content\/uploads\/logo_spd_ob.gif\" alt=\"Die Oberhausener SPD bietet zur Europawahl wieder einen Fahrdienst f\u00fcr gehbehinderte Mitb\u00fcrger an\" width=\"140\" height=\"150\" \/><\/a><p class=\"wp-caption-text\">Die Oberhausener SPD bietet zur Europawahl wieder einen Fahrdienst f\u00fcr gehbehinderte Mitb\u00fcrger an<\/p><\/div>\n<p>Auch bei der Europawahl am Sonntag, 13. Juni, bietet die SPD wieder ihren Fahrdienst f\u00fcr gehbehinderte Mitb\u00fcrgerinnen und Mitb\u00fcrger zu ihrem Wahllokal an. Anmeldungen k\u00f6nnen ab sofort an die SPD-Gesch\u00e4ftsstelle, Schwartzstra\u00dfe 52, Telefon: 2 33 34, gerichtet werden.<br \/>\n<!--more--><\/p>\n<p>Am Wahltag selber, Sonntag 13. Juni, kann der SPD &#8211; Fahrdienst ab 8.00 Uhr unter gleicher Telefonnummer erreicht werden.<\/p>\n","protected":false},"excerpt":{"rendered":"<p>Auch bei der Europawahl am Sonntag, 13. Juni, bietet die SPD wieder ihren Fahrdienst f\u00fcr gehbehinderte Mitb\u00fcrgerinnen und Mitb\u00fcrger zu ihrem Wahllokal an. Anmeldungen k\u00f6nnen ab sofort an die SPD-Gesch\u00e4ftsstelle,&hellip; <\/p>\n","protected":false},"author":1,"featured_media":0,"comment_status":"closed","ping_status":"closed","sticky":false,"template":"","format":"standard","meta":{"footnotes":""},"categories":[1],"tags":[],"quellen":[],"class_list":["post-352","post","type-post","status-publish","format-standard","hentry","category-allgemein"],"_links":{"self":[{"href":"https:\/\/meier-gerdingh.de\/wp-spd-ob\/wp-json\/wp\/v2\/posts\/352","targetHints":{"allow":["GET"]}}],"collection":[{"href":"https:\/\/meier-gerdingh.de\/wp-spd-ob\/wp-json\/wp\/v2\/posts"}],"about":[{"href":"https:\/\/meier-gerdingh.de\/wp-spd-ob\/wp-json\/wp\/v2\/types\/post"}],"author":[{"embeddable":true,"href":"https:\/\/meier-gerdingh.de\/wp-spd-ob\/wp-json\/wp\/v2\/users\/1"}],"replies":[{"embeddable":true,"href":"https:\/\/meier-gerdingh.de\/wp-spd-ob\/wp-json\/wp\/v2\/comments?post=352"}],"version-history":[{"count":0,"href":"https:\/\/meier-gerdingh.de\/wp-spd-ob\/wp-json\/wp\/v2\/posts\/352\/revisions"}],"wp:attachment":[{"href":"https:\/\/meier-gerdingh.de\/wp-spd-ob\/wp-json\/wp\/v2\/media?parent=352"}],"wp:term":[{"taxonomy":"category","embeddable":true,"href":"https:\/\/meier-gerdingh.de\/wp-spd-ob\/wp-json\/wp\/v2\/categories?post=352"},{"taxonomy":"post_tag","embeddable":true,"href":"https:\/\/meier-gerdingh.de\/wp-spd-ob\/wp-json\/wp\/v2\/tags?post=352"},{"taxonomy":"quellen","embeddable":true,"href":"https:\/\/meier-gerdingh.de\/wp-spd-ob\/wp-json\/wp\/v2\/quellen?post=352"}],"curies":[{"name":"wp","href":"https:\/\/api.w.org\/{rel}","templated":true}]}}