{"id":3524,"date":"2016-10-21T17:19:54","date_gmt":"2016-10-21T15:19:54","guid":{"rendered":"http:\/\/meier-gerdingh.de\/wp-spd-ob\/?p=3524"},"modified":"2016-10-31T17:23:25","modified_gmt":"2016-10-31T16:23:25","slug":"schranz-bilanz-ist-nicht-ehrlich","status":"publish","type":"post","link":"https:\/\/meier-gerdingh.de\/wp-spd-ob\/2016\/10\/21\/schranz-bilanz-ist-nicht-ehrlich\/","title":{"rendered":"Schranz-Bilanz ist nicht ehrlich"},"content":{"rendered":"<p><div id=\"attachment_1410\" style=\"width: 150px\" class=\"wp-caption alignleft\"><a href=\"http:\/\/meier-gerdingh.de\/wp-spd-ob\/wp-content\/uploads\/grosse_broemer_wolfgang_14.jpg\"><img aria-describedby=\"caption-attachment-1410\" decoding=\"async\" src=\"http:\/\/meier-gerdingh.de\/wp-spd-ob\/wp-content\/uploads\/grosse_broemer_wolfgang_14.jpg\" alt=\"Wolfgang Gro\u00dfe Br\u00f6mer ist Vorsitzender der SPD-Ratsfraktion und Mitglied des Landtags von Nordrhein-Westfalen\" width=\"140\" height=\"169\" class=\"size-full wp-image-1410\" \/><\/a><p id=\"caption-attachment-1410\" class=\"wp-caption-text\">Wolfgang Gro\u00dfe Br\u00f6mer ist Vorsitzender der SPD-Ratsfraktion und Mitglied des Landtags von Nordrhein-Westfalen<\/p><\/div>Das in der WAZ\/NRZ erschienene Interview mit Oberb\u00fcrgermeister Daniel Schranz anl\u00e4sslich seiner Bilanz nach einem Jahr im Amt hat bei Oberhausens Sozialdemokraten Befremden ausgel\u00f6st. &#8222;Niemand \u2013 auch kein Sozialdemokrat \u2013 erwartet von Oberb\u00fcrgermeister Schranz Wunder. Was aber erwartet werden darf und muss, ist ein ehrlicher Umgang miteinander. Und dazu geh\u00f6rt, dass auch ein Oberb\u00fcrgermeister \u00fcber seinen Schatten springen und erkl\u00e4ren muss, welche seiner zahlreichen Wahlversprechen nicht eingehalten werden und zum Teil gar nicht erf\u00fcllt werden k\u00f6nnen&#8220;, erkl\u00e4rt SPD-Fraktionschef Wolfgang Gro\u00dfe Br\u00f6mer.<!--more--><\/p>\n<p>Bei der Verlagerung des Rotlichtbezirkes aus der Innenstadt plane man jetzt mittelfristig bis zu zehn Jahre und nehme im kommenden Jahr Gespr\u00e4che auf, so Schranz im Interview. Hat sich das nicht im Kommunal- und Oberb\u00fcrgermeisterwahlkampf ganz anders angeh\u00f6rt? Von der immer noch schuldig gebliebenen Antwort auf die Frage &#8222;Wohin soll denn verlagert werden?&#8220; ganz zu schweigen.<\/p>\n<p>Einen &#8222;horrenden Anstieg der Grundsteuern&#8220;, den er \u00e4ndern wolle, hatte Daniel Schranz noch im Wahlkampf festgestellt. Aber jetzt bleibt alles beim Alten, weil &#8222;uns fast alle anderen vergleichbaren St\u00e4dte schon \u00fcberholt haben&#8220;:  War das nicht bereits vor \u00fcber einem Jahr der Fall? Hat diese Tatsache Schranz daran gehindert, Steuersenkungen in sein Wahlprogramm zu schreiben?<\/p>\n<p>\u00c4hnlich verh\u00e4lt es sich mit dem Personalabbau im Rathaus: Hatte nicht bereits die Gemeindeaufsicht Herrn Schranz ins Stammbuch geschrieben, dass seine Forderung nach abzubauenden 300 Stellen v\u00f6llig realit\u00e4tsfern ist? Das hat ihn allerdings nicht  abgeschreckt, diese scheinbar popul\u00e4re Forderung im Wahlkampf permanent zu wiederholen \u2013 trotz aller seri\u00f6ser Warnungen.<\/p>\n<p>Dass sich Daniel Schranz den Breitbandausbau mit schnellem Internet ans Revers heftet, sorgt bei den Sozialdemokraten f\u00fcr Kopfsch\u00fctteln. &#8222;Bereits im Fr\u00fchjahr 2015, noch unter der Regie von Oberb\u00fcrgermeister Klaus Wehling in Zusammenarbeit mit K\u00e4mmerer Apostolos Tsalastras und dem Breitbandbeauftragten Klaus Lerch, sind die Vertr\u00e4ge mit der Telekom unterzeichnet worden&#8220;, stellt Gro\u00dfe Br\u00f6mer noch einmal klar.<\/p>\n<p>Ganz \u00e4hnlich verh\u00e4lt es sich beim Thema M\u00fcllgeb\u00fchren: Die jetzt endlich bevorstehende R\u00fcckzahlung der durch die GMVA zu hoch in Rechnung gestellten Verbrennungsentgelte erfolgt einzig und allein auf der Grundlage der Begutachtung der Preispr\u00fcfstelle bei der Bezirksregierung \u2013 und diese \u00dcberpr\u00fcfung ist auf Initiative von SPD und Gr\u00fcnen eingeleitet worden. <\/p>\n<p>&#8222;Oberb\u00fcrgermeister Schranz erntet doch jetzt nur das, was andere vor ihm ges\u00e4t haben&#8220;, so der SPD-Fraktionschef, der vom Stadtoberhaupt mehr Ehrlichkeit einfordert. &#8222;Nur so kann eine weiter wachsende Politikverdrossenheit vermieden und eine seri\u00f6se Basis f\u00fcr eine sachliche Zusammenarbeit mit den Sozialdemokraten und ihren Koalitionspartnern im Rat  geschaffen werden.&#8220;<\/p>\n","protected":false},"excerpt":{"rendered":"<p>Das in der WAZ\/NRZ erschienene Interview mit Oberb\u00fcrgermeister Daniel Schranz anl\u00e4sslich seiner Bilanz nach einem Jahr im Amt hat bei Oberhausens Sozialdemokraten Befremden ausgel\u00f6st. &#8222;Niemand \u2013 auch kein Sozialdemokrat \u2013&hellip; <\/p>\n","protected":false},"author":1,"featured_media":0,"comment_status":"closed","ping_status":"closed","sticky":false,"template":"","format":"standard","meta":{"footnotes":""},"categories":[896,178],"tags":[250,584,493,934,937,814,936,938,935,933,312],"quellen":[326],"class_list":["post-3524","post","type-post","status-publish","format-standard","hentry","category-stadtverwaltung","category-wahlen","tag-apostolos-tsalastras","tag-breitbandausbau","tag-daniel-schranz","tag-flasshofstrasse","tag-gmva","tag-grundsteuer","tag-muellgebuehren","tag-oberbuergermeister","tag-personalabbau","tag-rotlichtbezirk","tag-schnelles-internet","quellen-spd-fraktion-oberhausen"],"_links":{"self":[{"href":"https:\/\/meier-gerdingh.de\/wp-spd-ob\/wp-json\/wp\/v2\/posts\/3524","targetHints":{"allow":["GET"]}}],"collection":[{"href":"https:\/\/meier-gerdingh.de\/wp-spd-ob\/wp-json\/wp\/v2\/posts"}],"about":[{"href":"https:\/\/meier-gerdingh.de\/wp-spd-ob\/wp-json\/wp\/v2\/types\/post"}],"author":[{"embeddable":true,"href":"https:\/\/meier-gerdingh.de\/wp-spd-ob\/wp-json\/wp\/v2\/users\/1"}],"replies":[{"embeddable":true,"href":"https:\/\/meier-gerdingh.de\/wp-spd-ob\/wp-json\/wp\/v2\/comments?post=3524"}],"version-history":[{"count":0,"href":"https:\/\/meier-gerdingh.de\/wp-spd-ob\/wp-json\/wp\/v2\/posts\/3524\/revisions"}],"wp:attachment":[{"href":"https:\/\/meier-gerdingh.de\/wp-spd-ob\/wp-json\/wp\/v2\/media?parent=3524"}],"wp:term":[{"taxonomy":"category","embeddable":true,"href":"https:\/\/meier-gerdingh.de\/wp-spd-ob\/wp-json\/wp\/v2\/categories?post=3524"},{"taxonomy":"post_tag","embeddable":true,"href":"https:\/\/meier-gerdingh.de\/wp-spd-ob\/wp-json\/wp\/v2\/tags?post=3524"},{"taxonomy":"quellen","embeddable":true,"href":"https:\/\/meier-gerdingh.de\/wp-spd-ob\/wp-json\/wp\/v2\/quellen?post=3524"}],"curies":[{"name":"wp","href":"https:\/\/api.w.org\/{rel}","templated":true}]}}