{"id":3527,"date":"2016-10-25T17:23:34","date_gmt":"2016-10-25T15:23:34","guid":{"rendered":"http:\/\/meier-gerdingh.de\/wp-spd-ob\/?p=3527"},"modified":"2016-10-31T17:28:48","modified_gmt":"2016-10-31T16:28:48","slug":"kodi-ist-willkommen-containerabstellplaetze-sind-es-nicht","status":"publish","type":"post","link":"https:\/\/meier-gerdingh.de\/wp-spd-ob\/2016\/10\/25\/kodi-ist-willkommen-containerabstellplaetze-sind-es-nicht\/","title":{"rendered":"Kodi ist willkommen, Containerabstellpl\u00e4tze sind es nicht"},"content":{"rendered":"<p><div id=\"attachment_1410\" style=\"width: 150px\" class=\"wp-caption alignleft\"><a href=\"http:\/\/meier-gerdingh.de\/wp-spd-ob\/wp-content\/uploads\/grosse_broemer_wolfgang_14.jpg\"><img aria-describedby=\"caption-attachment-1410\" decoding=\"async\" src=\"http:\/\/meier-gerdingh.de\/wp-spd-ob\/wp-content\/uploads\/grosse_broemer_wolfgang_14.jpg\" alt=\"Wolfgang Gro\u00dfe Br\u00f6mer ist Vorsitzender der SPD-Ratsfraktion und Mitglied des Landtags von Nordrhein-Westfalen\" width=\"140\" height=\"169\" class=\"size-full wp-image-1410\" \/><\/a><p id=\"caption-attachment-1410\" class=\"wp-caption-text\">Wolfgang Gro\u00dfe Br\u00f6mer ist Vorsitzender der SPD-Ratsfraktion und Mitglied des Landtags von Nordrhein-Westfalen<\/p><\/div>Mit der  weiteren Entwicklung der beiden gro\u00dfen Gewerbefl\u00e4chen auf dem Gel\u00e4nde der ehemaligen Kohlereserve und des  Thyssengel\u00e4ndes im Oberhausener Norden hat sich der Vorstand  der SPD-Ratsfraktion in seiner letzten Sitzung befasst. Mit einem klaren Ergebnis: Wenn es gelingt, den Haushaltswaren-Discounter Kodi dort auf einer neuen, gr\u00f6\u00dferen Fl\u00e4che am Ort zu halten, sei dies absolut positiv. &#8222;Das w\u00e4re ein gutes Zeichen f\u00fcr die Stadt&#8220;, erkl\u00e4rt SPD-Fraktionschef Wolfgang Gro\u00dfe Br\u00f6mer.<!--more--><\/p>\n<p>Den Gedankenspielen, mit dem Duisburger Logport dort eine Logistikzentrale aufzubauen, stehen die Sozialdemokraten jedoch skeptisch gegen\u00fcber. <\/p>\n<p>&#8222;Die Ansiedlung von kleinen und mittleren Betrieben und damit von Arbeitspl\u00e4tzen in Oberhausen hat f\u00fcr uns klare Priorit\u00e4t&#8220;, erkl\u00e4rt Gro\u00dfe Br\u00f6mer. Die Ansiedlung von Logistik w\u00fcrde hingegen wohl relativ wenige Arbeitspl\u00e4tze bei gro\u00dfem Fl\u00e4chenverbrauch bedeuten, hinzu k\u00e4me in diesem Falle auch noch das Problem der Verkehrsbelastung. <\/p>\n<p>Gro\u00dfe Br\u00f6mer w\u00f6rtlich: &#8222;Dieses Gewerbe-Filetst\u00fcck als Abstellplatz f\u00fcr Container zu missbrauchen, ist f\u00fcr uns unvorstellbar!&#8220;<\/p>\n","protected":false},"excerpt":{"rendered":"<p>Mit der weiteren Entwicklung der beiden gro\u00dfen Gewerbefl\u00e4chen auf dem Gel\u00e4nde der ehemaligen Kohlereserve und des Thyssengel\u00e4ndes im Oberhausener Norden hat sich der Vorstand der SPD-Ratsfraktion in seiner letzten Sitzung&hellip; <\/p>\n","protected":false},"author":1,"featured_media":0,"comment_status":"closed","ping_status":"closed","sticky":false,"template":"","format":"standard","meta":{"footnotes":""},"categories":[16,311],"tags":[34,947,948,944,949,950,946,945,840],"quellen":[326],"class_list":["post-3527","post","type-post","status-publish","format-standard","hentry","category-stadtentwicklung","category-wirtschaft","tag-arbeitsplaetze","tag-gewerbeansiedlungen","tag-gewerbegebiete","tag-kodi","tag-logistikpark","tag-logistikzentrale","tag-logport","tag-thyssen-krupp","tag-waldteich-gelaende","quellen-spd-fraktion-oberhausen"],"_links":{"self":[{"href":"https:\/\/meier-gerdingh.de\/wp-spd-ob\/wp-json\/wp\/v2\/posts\/3527","targetHints":{"allow":["GET"]}}],"collection":[{"href":"https:\/\/meier-gerdingh.de\/wp-spd-ob\/wp-json\/wp\/v2\/posts"}],"about":[{"href":"https:\/\/meier-gerdingh.de\/wp-spd-ob\/wp-json\/wp\/v2\/types\/post"}],"author":[{"embeddable":true,"href":"https:\/\/meier-gerdingh.de\/wp-spd-ob\/wp-json\/wp\/v2\/users\/1"}],"replies":[{"embeddable":true,"href":"https:\/\/meier-gerdingh.de\/wp-spd-ob\/wp-json\/wp\/v2\/comments?post=3527"}],"version-history":[{"count":0,"href":"https:\/\/meier-gerdingh.de\/wp-spd-ob\/wp-json\/wp\/v2\/posts\/3527\/revisions"}],"wp:attachment":[{"href":"https:\/\/meier-gerdingh.de\/wp-spd-ob\/wp-json\/wp\/v2\/media?parent=3527"}],"wp:term":[{"taxonomy":"category","embeddable":true,"href":"https:\/\/meier-gerdingh.de\/wp-spd-ob\/wp-json\/wp\/v2\/categories?post=3527"},{"taxonomy":"post_tag","embeddable":true,"href":"https:\/\/meier-gerdingh.de\/wp-spd-ob\/wp-json\/wp\/v2\/tags?post=3527"},{"taxonomy":"quellen","embeddable":true,"href":"https:\/\/meier-gerdingh.de\/wp-spd-ob\/wp-json\/wp\/v2\/quellen?post=3527"}],"curies":[{"name":"wp","href":"https:\/\/api.w.org\/{rel}","templated":true}]}}