{"id":3528,"date":"2016-10-27T17:29:13","date_gmt":"2016-10-27T15:29:13","guid":{"rendered":"http:\/\/meier-gerdingh.de\/wp-spd-ob\/?p=3528"},"modified":"2017-06-20T21:37:33","modified_gmt":"2017-06-20T19:37:33","slug":"fuer-eine-integrationspolitik-ohne-angst-und-traeumerei","status":"publish","type":"post","link":"https:\/\/meier-gerdingh.de\/wp-spd-ob\/2016\/10\/27\/fuer-eine-integrationspolitik-ohne-angst-und-traeumerei\/","title":{"rendered":"F\u00fcr eine Integrationspolitik ohne Angst und Tr\u00e4umerei"},"content":{"rendered":"<div id=\"attachment_3500\" style=\"width: 630px\" class=\"wp-caption aligncenter\"><a href=\"http:\/\/meier-gerdingh.de\/wp-spd-ob\/wp-content\/uploads\/2016\/10\/zimkeit_bongers_schmeltzer_.jpg\"><img aria-describedby=\"caption-attachment-3500\" decoding=\"async\" class=\"size-full wp-image-3500\" src=\"http:\/\/meier-gerdingh.de\/wp-spd-ob\/wp-content\/uploads\/2016\/10\/zimkeit_bongers_schmeltzer_.jpg\" alt=\"MdL Stefan Zimkeit, die stellvertretende Partei- und Fraktionsvorsitzende Sonja Bongers mit NRW-Arbeitsminister Rainer Schmeltzer auf der Kundgebung des Antifaschistischen B\u00fcndnisses\" width=\"620\" height=\"415\" srcset=\"https:\/\/meier-gerdingh.de\/wp-spd-ob\/wp-content\/uploads\/2016\/10\/zimkeit_bongers_schmeltzer_.jpg 620w, https:\/\/meier-gerdingh.de\/wp-spd-ob\/wp-content\/uploads\/2016\/10\/zimkeit_bongers_schmeltzer_-300x201.jpg 300w\" sizes=\"(max-width: 620px) 100vw, 620px\" \/><\/a><p id=\"caption-attachment-3500\" class=\"wp-caption-text\">MdL Stefan Zimkeit, die stellvertretende Partei- und Fraktionsvorsitzende Sonja Bongers mit NRW-Arbeitsminister Rainer Schmeltzer auf der Kundgebung des Antifaschistischen B\u00fcndnisses<\/p><\/div>\n<p>&#8222;Ein Ja zu Zuwanderung ist ein Nein zu Rassismus&#8220;, sagte Landesintegrationsminister Rainer Schmeltzer auf der Kundgebung des Antifaschistischen B\u00fcndnisses Oberhausen. Er bedankte sich wie auch B\u00fcrgermeisterin Elia Albrecht-Mainz und Apostolos Tsalastras bei den vielen Oberhausener B\u00fcrgerinnen und B\u00fcrger, die auf dem Altmarkt Flagge gegen Rechts zeigten.<!--more--><\/p>\n<p>Oberhausen sei ein gutes Beispiel f\u00fcr ein friedliches Zusammenleben und gute Nachbarschaft, betonte Schmeltzer. Er wolle eine &#8222;Integrationspolitik ohne Angst und Tr\u00e4umerei&#8220;, zitierte er Johannes Rau.<\/p>\n<p>&#8222;Wir sind eine demokratische, freiheitliche und weltoffene Stadt&#8220;, rief Apostolos Tsalastras. Rassisten und Faschisten h\u00e4tten in Oberhausen nichts zu suchen. &#8222;Wir machen weiter&#8220;, k\u00fcndigte der Erste Beigeordnete weitere Kundgebungen gegen rechtsextreme Aufm\u00e4rsche an. &#8222;Geben wir Rassisten keine Chance&#8220;, stimmte ihm Pascal Jaculy vom Jugendparlament zu.<\/p>\n","protected":false},"excerpt":{"rendered":"<p>&#8222;Ein Ja zu Zuwanderung ist ein Nein zu Rassismus&#8220;, sagte Landesintegrationsminister Rainer Schmeltzer auf der Kundgebung des Antifaschistischen B\u00fcndnisses Oberhausen. Er bedankte sich wie auch B\u00fcrgermeisterin Elia Albrecht-Mainz und Apostolos&hellip; <\/p>\n","protected":false},"author":1,"featured_media":0,"comment_status":"closed","ping_status":"closed","sticky":false,"template":"","format":"standard","meta":{"footnotes":""},"categories":[404],"tags":[951,209,455,952,527,905],"quellen":[331],"class_list":["post-3528","post","type-post","status-publish","format-standard","hentry","category-gemeinsam-gegen-rechts","tag-antifaschistisches-buendnis","tag-fluechtlinge","tag-integration","tag-integrationspolitik","tag-jugendparlament","tag-rainer-schmeltzer","quellen-mdl-stefan-zimkeit"],"_links":{"self":[{"href":"https:\/\/meier-gerdingh.de\/wp-spd-ob\/wp-json\/wp\/v2\/posts\/3528","targetHints":{"allow":["GET"]}}],"collection":[{"href":"https:\/\/meier-gerdingh.de\/wp-spd-ob\/wp-json\/wp\/v2\/posts"}],"about":[{"href":"https:\/\/meier-gerdingh.de\/wp-spd-ob\/wp-json\/wp\/v2\/types\/post"}],"author":[{"embeddable":true,"href":"https:\/\/meier-gerdingh.de\/wp-spd-ob\/wp-json\/wp\/v2\/users\/1"}],"replies":[{"embeddable":true,"href":"https:\/\/meier-gerdingh.de\/wp-spd-ob\/wp-json\/wp\/v2\/comments?post=3528"}],"version-history":[{"count":0,"href":"https:\/\/meier-gerdingh.de\/wp-spd-ob\/wp-json\/wp\/v2\/posts\/3528\/revisions"}],"wp:attachment":[{"href":"https:\/\/meier-gerdingh.de\/wp-spd-ob\/wp-json\/wp\/v2\/media?parent=3528"}],"wp:term":[{"taxonomy":"category","embeddable":true,"href":"https:\/\/meier-gerdingh.de\/wp-spd-ob\/wp-json\/wp\/v2\/categories?post=3528"},{"taxonomy":"post_tag","embeddable":true,"href":"https:\/\/meier-gerdingh.de\/wp-spd-ob\/wp-json\/wp\/v2\/tags?post=3528"},{"taxonomy":"quellen","embeddable":true,"href":"https:\/\/meier-gerdingh.de\/wp-spd-ob\/wp-json\/wp\/v2\/quellen?post=3528"}],"curies":[{"name":"wp","href":"https:\/\/api.w.org\/{rel}","templated":true}]}}