{"id":3529,"date":"2016-10-27T17:34:26","date_gmt":"2016-10-27T15:34:26","guid":{"rendered":"http:\/\/meier-gerdingh.de\/wp-spd-ob\/?p=3529"},"modified":"2016-10-31T17:37:27","modified_gmt":"2016-10-31T16:37:27","slug":"koalition-will-klarheit-zum-waldteichgelaende","status":"publish","type":"post","link":"https:\/\/meier-gerdingh.de\/wp-spd-ob\/2016\/10\/27\/koalition-will-klarheit-zum-waldteichgelaende\/","title":{"rendered":"Koalition will Klarheit zum Waldteichgel\u00e4nde"},"content":{"rendered":"<p><div id=\"attachment_1410\" style=\"width: 150px\" class=\"wp-caption alignleft\"><a href=\"http:\/\/meier-gerdingh.de\/wp-spd-ob\/wp-content\/uploads\/grosse_broemer_wolfgang_14.jpg\"><img aria-describedby=\"caption-attachment-1410\" decoding=\"async\" src=\"http:\/\/meier-gerdingh.de\/wp-spd-ob\/wp-content\/uploads\/grosse_broemer_wolfgang_14.jpg\" alt=\"Wolfgang Gro\u00dfe Br\u00f6mer ist Vorsitzender der SPD-Ratsfraktion und Mitglied des Landtags von Nordrhein-Westfalen\" width=\"140\" height=\"169\" class=\"size-full wp-image-1410\" \/><\/a><p id=\"caption-attachment-1410\" class=\"wp-caption-text\">Wolfgang Gro\u00dfe Br\u00f6mer ist Vorsitzender der SPD-Ratsfraktion und Mitglied des Landtags von Nordrhein-Westfalen<\/p><\/div>\u00c4u\u00dferst irritiert ist die SPD-Ratsfraktion \u00fcber den Vorwurf, sie habe ein Investitionsvorhaben auf der ehemaligen Kohlereservefl\u00e4che in Sterkrade ausgeplaudert. &#8222;Bereits in der Ausgabe der WAZ vom 17. April 2014 wurde \u00fcber die Absicht von Logport Duisburg berichtet, auf diesem Gel\u00e4nde einen Logistikpark zu errichten&#8220;, stellt SPD-Fraktionschef Wolfgang Gro\u00dfe Br\u00f6mer klar. Dieses Vorhaben sei nun offensichtlich in vertraulichen Gespr\u00e4chen mit Oberb\u00fcrgermeister Schranz konkretisiert worden.<!--more--><\/p>\n<p>Die Koalition aus SPD, Gr\u00fcnen und FDP im Rat der Stadt Oberhausen beantragt nun f\u00fcr die Sitzung des Hauptausschusses am 7. November, \u00fcber Ansiedlungsoptionen auf dem Waldteichgel\u00e4nde informiert zu werden. <\/p>\n<p>&#8222;Die Politik erf\u00e4hrt von den Verhandlungen bez\u00fcglich des Waldteichgel\u00e4ndes aus der Zeitung&#8220;, kritisiert Gro\u00dfe Br\u00f6mer die unzureichende Informationspolitik der Stadtspitze. &#8222;Die B\u00fcrgerinnen und B\u00fcrger haben ebenso wie die Politik ein Anrecht darauf zu erfahren, was mit diesem Areal geschehen soll, wie viele Arbeitspl\u00e4tze dort entstehen werden und wie hoch eine etwaige Belastung in der Nachbarschaft sein wird&#8220;, erkl\u00e4rt Gro\u00dfe Br\u00f6mer.<\/p>\n","protected":false},"excerpt":{"rendered":"<p>\u00c4u\u00dferst irritiert ist die SPD-Ratsfraktion \u00fcber den Vorwurf, sie habe ein Investitionsvorhaben auf der ehemaligen Kohlereservefl\u00e4che in Sterkrade ausgeplaudert. &#8222;Bereits in der Ausgabe der WAZ vom 17. April 2014 wurde&hellip; <\/p>\n","protected":false},"author":1,"featured_media":0,"comment_status":"closed","ping_status":"closed","sticky":false,"template":"","format":"standard","meta":{"footnotes":""},"categories":[16,311],"tags":[526,34,493,947,948,953,944,949,946,945,831,840],"quellen":[326],"class_list":["post-3529","post","type-post","status-publish","format-standard","hentry","category-stadtentwicklung","category-wirtschaft","tag-ampelkoalition","tag-arbeitsplaetze","tag-daniel-schranz","tag-gewerbeansiedlungen","tag-gewerbegebiete","tag-informationspolitik-des-ob","tag-kodi","tag-logistikpark","tag-logport","tag-thyssen-krupp","tag-transparenz","tag-waldteich-gelaende","quellen-spd-fraktion-oberhausen"],"_links":{"self":[{"href":"https:\/\/meier-gerdingh.de\/wp-spd-ob\/wp-json\/wp\/v2\/posts\/3529","targetHints":{"allow":["GET"]}}],"collection":[{"href":"https:\/\/meier-gerdingh.de\/wp-spd-ob\/wp-json\/wp\/v2\/posts"}],"about":[{"href":"https:\/\/meier-gerdingh.de\/wp-spd-ob\/wp-json\/wp\/v2\/types\/post"}],"author":[{"embeddable":true,"href":"https:\/\/meier-gerdingh.de\/wp-spd-ob\/wp-json\/wp\/v2\/users\/1"}],"replies":[{"embeddable":true,"href":"https:\/\/meier-gerdingh.de\/wp-spd-ob\/wp-json\/wp\/v2\/comments?post=3529"}],"version-history":[{"count":0,"href":"https:\/\/meier-gerdingh.de\/wp-spd-ob\/wp-json\/wp\/v2\/posts\/3529\/revisions"}],"wp:attachment":[{"href":"https:\/\/meier-gerdingh.de\/wp-spd-ob\/wp-json\/wp\/v2\/media?parent=3529"}],"wp:term":[{"taxonomy":"category","embeddable":true,"href":"https:\/\/meier-gerdingh.de\/wp-spd-ob\/wp-json\/wp\/v2\/categories?post=3529"},{"taxonomy":"post_tag","embeddable":true,"href":"https:\/\/meier-gerdingh.de\/wp-spd-ob\/wp-json\/wp\/v2\/tags?post=3529"},{"taxonomy":"quellen","embeddable":true,"href":"https:\/\/meier-gerdingh.de\/wp-spd-ob\/wp-json\/wp\/v2\/quellen?post=3529"}],"curies":[{"name":"wp","href":"https:\/\/api.w.org\/{rel}","templated":true}]}}