{"id":3530,"date":"2016-10-28T17:37:35","date_gmt":"2016-10-28T15:37:35","guid":{"rendered":"http:\/\/meier-gerdingh.de\/wp-spd-ob\/?p=3530"},"modified":"2016-10-31T17:42:09","modified_gmt":"2016-10-31T16:42:09","slug":"erfolgsgeschichte-soziale-stadt","status":"publish","type":"post","link":"https:\/\/meier-gerdingh.de\/wp-spd-ob\/2016\/10\/28\/erfolgsgeschichte-soziale-stadt\/","title":{"rendered":"Erfolgsgeschichte &#8222;Soziale Stadt&#8220;"},"content":{"rendered":"<p><div id=\"attachment_1707\" style=\"width: 150px\" class=\"wp-caption alignleft\"><a href=\"http:\/\/meier-gerdingh.de\/wp-spd-ob\/wp-content\/uploads\/zimkeit_stefan_12.jpg\"><img aria-describedby=\"caption-attachment-1707\" decoding=\"async\" src=\"http:\/\/meier-gerdingh.de\/wp-spd-ob\/wp-content\/uploads\/zimkeit_stefan_12.jpg\" alt=\"Stefan Zimkeit ist Mitglied des Landtags von Nordrhein-Westfalen und Sprecher der SPD-Fraktion in der Bezirksvertretung Osterfeld\" width=\"140\" height=\"169\" class=\"size-full wp-image-1707\" \/><\/a><p id=\"caption-attachment-1707\" class=\"wp-caption-text\">Stefan Zimkeit ist Mitglied des Landtags von Nordrhein-Westfalen und finanzpolitischer Sprecher der SPD-Landtagsfraktion<\/p><\/div>&#8222;Das Landesprogramm &#8218;Soziale Stadt&#8216; wird auch f\u00fcr Osterfeld eine Erfolgsgeschichte sein&#8220;, ist sich Stefan Zimkeit sicher. Die Osterfelder SPD hatte ins &#8222;Caf\u00e9 Jederman&#8220; eingeladen, um mit Vereinen und Verb\u00e4nden \u00fcber deren Beteiligungsm\u00f6glichkeiten an dem Programm zu sprechen. Vertreterinnen und Vertreter der Kirchen, von Sportvereinen sowie Wohlfahrts- und Jugendverb\u00e4nden waren der Einladung gefolgt.<!--more--><\/p>\n<p>Der Landtagsabgeordnete Zimkeit stellte dar, dass NRW gemeinsam mit den B\u00fcrgerinnen und B\u00fcrgern die soziale und st\u00e4dtebauliche Entwicklung insbesondere in benachteiligten Stadtteilen f\u00f6rdert. &#8222;Wir wollen Ungleiches ungleich behandeln. Deswegen helfen wir dort, wo es den gr\u00f6\u00dften Bedarf gibt&#8220;, so der Abgeordnete, &#8222;und  das gilt f\u00fcr Kinderg\u00e4rten genauso wie f\u00fcr Stadtteile&#8220;. <\/p>\n<p>Er betonte, dass die Teilnahme am F\u00f6rderprogramm f\u00fcr Oberhausen nur durch den St\u00e4rkungspakt des Landes und die Haushaltspolitik der Stadt m\u00f6glich wurde. &#8222;Dass Apostolos Tsalastras erstmals seit langem wieder einen ausgeglichen Haushalt vorlegen kann, ist eine wichtige Voraussetzung f\u00fcr die Teilnahme am Programm &#8218;Soziale Stadt&#8216;.&#8220;<\/p>\n<p>Bezirksb\u00fcrgermeister Thomas Krey stellte die Schwerpunkte der f\u00fcr Osterfeld vorgesehenen Ma\u00dfnahmen vor. &#8222;Wir wollen ein neues Jugendzentrum in Osterfeld-Mitte, die Gr\u00fcnbereiche im Revierpark und in der Olga attraktiver machen und mit einem Fassaden- und Innenhofprogramm die Innenstadt aufwerten&#8220;, fasste Krey wichtige Vorhaben zusammen. <\/p>\n<p>Hierf\u00fcr k\u00f6nnten F\u00f6rdermittel vom Land in H\u00f6he von 22 Millionen Euro beantragt werden. &#8222;Dies muss und wird zusammen mit den Osterfelderinnen und Osterfeldern geschehen&#8220;, k\u00fcndigte er an. Schon bei der Ideenfindung seien die B\u00fcrger gefragt gewesen. Diese Einbindung werde bei der konkreten Umgestaltung fortgesetzt. <\/p>\n<p>Der Osterfelder SPD-Vorsitzende wies darauf hin, dass es besondere F\u00f6rderm\u00f6glichkeiten f\u00fcr Verb\u00e4nde und Vereine gibt, die sich mit Aktionen und Ma\u00dfnahmen am Projekt beteiligen wollen. &#8222;Entsprechende Ideen k\u00f6nnten unb\u00fcrokratisch gef\u00f6rdert werden&#8220;, sagte Thomas Krey.<\/p>\n<p>Als Ansprechpartner stehen nicht nur die Stadtverwaltung und Bezirksb\u00fcrgermeister Krey zur Verf\u00fcgung, sondern auch Stefan Diebels. Der Vorsitzende der Gro\u00dfen Osterfelder Karnevalsgesellschaft vertritt die Vereine im Beirat des Programms &#8222;Soziale Stadt&#8220;. &#8222;Ich plane einen Vereinsstammtisch, um m\u00f6glichst viele Organisationen aus allen Bereichen in das Projekt einzubinden&#8220;, so Diebels.<\/p>\n<p>Regina Dressler, Vertreterin der Stadtverwaltung, erg\u00e4nzte, dass es schon ein neues Stadtteilb\u00fcro in Osterfeld-Mitte gebe, das in K\u00fcrze auch personell besetzt werde. &#8222;Hier werden Ansprechpartner sitzen, die gemeinsam mit den Osterfelderinnen und Osterfeldern Ideen f\u00fcr den Stadtteil entwickeln sollen und die an der Umsetzung der Vorschl\u00e4ge arbeiten werden&#8220;, sagte Dressler.<\/p>\n<p>In der Diskussion wurde auf die Notwendigkeit von Investitionen in den Revierpark verwiesen und Bedeutung einer Jugendeinrichtung in Osterfeld-Mitte betont, deren Konzept gemeinsam mit Jugendlichen entwickelt werden soll. <\/p>\n<p>Zum Abschluss lobte Thomas Krey den breiten Ansatz des Programms, das von Bauma\u00dfnahmen \u00fcber die F\u00f6rderung von Vereinen bis hin zu Ma\u00dfnahmen in den Bereichen Jugend und Soziales reiche. &#8222;Daraus ergeben sich viele Chancen, die wir f\u00fcr Osterfeld nutzen m\u00fcssen&#8220;, so Krey. <\/p>\n<p>Er k\u00fcndigte an, dass die Osterfelder SPD bei der Umsetzung der Ma\u00dfnahmen weiter eng mit den B\u00fcrgerinnen und B\u00fcrgern zusammenarbeiten wird.<\/p>\n","protected":false},"excerpt":{"rendered":"<p>&#8222;Das Landesprogramm &#8218;Soziale Stadt&#8216; wird auch f\u00fcr Osterfeld eine Erfolgsgeschichte sein&#8220;, ist sich Stefan Zimkeit sicher. Die Osterfelder SPD hatte ins &#8222;Caf\u00e9 Jederman&#8220; eingeladen, um mit Vereinen und Verb\u00e4nden \u00fcber&hellip; <\/p>\n","protected":false},"author":1,"featured_media":0,"comment_status":"closed","ping_status":"closed","sticky":false,"template":"","format":"standard","meta":{"footnotes":""},"categories":[16,167],"tags":[956,422,957,954,759,958,41,205,189,955,812],"quellen":[339],"class_list":["post-3530","post","type-post","status-publish","format-standard","hentry","category-stadtentwicklung","category-stadtteile","tag-beirat-soziale-stadt","tag-buergerversammlung","tag-foerdermittel","tag-jugendzentrum-osterfeld-mitte","tag-landesprogramme","tag-olga-gelaende","tag-osterfeld","tag-programm-soziale-stadt","tag-revierpark-vonderort","tag-stadtteilbuero-osterfeld-mitte","tag-staerkungspakt","quellen-ov-osterfeld"],"_links":{"self":[{"href":"https:\/\/meier-gerdingh.de\/wp-spd-ob\/wp-json\/wp\/v2\/posts\/3530","targetHints":{"allow":["GET"]}}],"collection":[{"href":"https:\/\/meier-gerdingh.de\/wp-spd-ob\/wp-json\/wp\/v2\/posts"}],"about":[{"href":"https:\/\/meier-gerdingh.de\/wp-spd-ob\/wp-json\/wp\/v2\/types\/post"}],"author":[{"embeddable":true,"href":"https:\/\/meier-gerdingh.de\/wp-spd-ob\/wp-json\/wp\/v2\/users\/1"}],"replies":[{"embeddable":true,"href":"https:\/\/meier-gerdingh.de\/wp-spd-ob\/wp-json\/wp\/v2\/comments?post=3530"}],"version-history":[{"count":0,"href":"https:\/\/meier-gerdingh.de\/wp-spd-ob\/wp-json\/wp\/v2\/posts\/3530\/revisions"}],"wp:attachment":[{"href":"https:\/\/meier-gerdingh.de\/wp-spd-ob\/wp-json\/wp\/v2\/media?parent=3530"}],"wp:term":[{"taxonomy":"category","embeddable":true,"href":"https:\/\/meier-gerdingh.de\/wp-spd-ob\/wp-json\/wp\/v2\/categories?post=3530"},{"taxonomy":"post_tag","embeddable":true,"href":"https:\/\/meier-gerdingh.de\/wp-spd-ob\/wp-json\/wp\/v2\/tags?post=3530"},{"taxonomy":"quellen","embeddable":true,"href":"https:\/\/meier-gerdingh.de\/wp-spd-ob\/wp-json\/wp\/v2\/quellen?post=3530"}],"curies":[{"name":"wp","href":"https:\/\/api.w.org\/{rel}","templated":true}]}}