{"id":356,"date":"2004-06-09T16:00:00","date_gmt":"2004-06-09T14:00:00","guid":{"rendered":"http:\/\/www.meier-gerdingh.de\/spd-oberhausen\/wp\/?p=356"},"modified":"2017-05-14T13:50:52","modified_gmt":"2017-05-14T11:50:52","slug":"einvernehmliche-loesung-gefunden","status":"publish","type":"post","link":"https:\/\/meier-gerdingh.de\/wp-spd-ob\/2004\/06\/09\/einvernehmliche-loesung-gefunden\/","title":{"rendered":"Einvernehmliche L\u00f6sung gefunden"},"content":{"rendered":"<div style=\"width: 150px\" class=\"wp-caption alignleft\"><a href=\"http:\/\/meier-gerdingh.de\/wp-spd-ob\/wp-content\/uploads\/grosse_broemer_rede.jpg\"><img decoding=\"async\" class=\"size-full\" src=\"http:\/\/meier-gerdingh.de\/wp-spd-ob\/wp-content\/uploads\/grosse_broemer_rede.jpg\" alt=\"Wolfgang Gro\u00dfe Br\u00f6mer ist Vorsitzender der SPD-Fraktion in Oberhausen und Mitglied des Landtags von Nordrhein-Westfalen\" width=\"140\" height=\"186\" \/><\/a><p class=\"wp-caption-text\">Wolfgang Gro\u00dfe Br\u00f6mer ist Vorsitzender der SPD-Fraktion in Oberhausen und Mitglied des Landtags von Nordrhein-Westfalen<\/p><\/div>\n<p>Die Raumsituation der St. Michael-Schule wird verbessert und gleichzeitig wird die Z\u00fcgigkeit der Schule auf drei Klassen pro Jahrgang festgeschrieben. Dies ist das Ergebnis eines Vermittlungsgespr\u00e4chs zwischen dem Stadtdechanten Emil Breithecker, dem Leiter des katholischen Stadthauses Herrn Tscharke und dem Schulleiter Fiedler mit B\u00fcrgermeister Klaus Wehling und dem SPD-Ratsfraktionsvorsitzenden Wolfgang Gro\u00dfe Br\u00f6mer.<!--more--><\/p>\n<p>In einem Antrag zur n\u00e4chsten Ratssitzung wird die SPD-Fraktion die Verwaltung auffordern, den Pavillon der Schule zu sanieren und eine Nutzung von Wohnr\u00e4umen auf dem Gel\u00e4nde f\u00fcr schulische Zwecke auf den Weg zu bringen. Gleichzeitig soll die Z\u00fcgigkeit der Schule auf drei Z\u00fcge begrenzt werden.<\/p>\n<p>B\u00fcrgermeister Klaus Wehling zeigte sich sehr zufrieden, dass es gelungen sei, eine einvernehmliche L\u00f6sung zwischen der Schule, der Katholischen Kirche und der SPD-Fraktion zu finden, die zum einen die r\u00e4umliche Situation der Schule verbessert, zum anderen aber andere Schulen nicht benachteiligt. Klaus Wehling konnte bei seinem Besuch des Schulfestes der St. Michael-Schule feststellen, dass die gefundene L\u00f6sung in der Schulgemeinde auf breite Zustimmung st\u00f6\u00dft.<\/p>\n<p>Wolfgang Gro\u00dfe Br\u00f6mer hob hervor, dass die Schule keinen Ausbau auf vier Z\u00fcge fordert, wie ihn die CDU f\u00fcr die n\u00e4chste Ratssitzung beantragt hat. Die SPD habe immer erkl\u00e4rt, dass sie die r\u00e4umliche Situation der Schule auf Basis der Dreiz\u00fcgigkeit verbessern will, dass sie aber einen vierz\u00fcgigen Ausbau angesichts ausreichend zur Verf\u00fcgung stehender Hauptschulpl\u00e4tze ablehnt. Auf Basis dieser Position habe man nun eine einvernehmliche L\u00f6sung zwischen der Schule, der Katholischen Kirche und der SPD-Fraktion gefunden.<\/p>\n<p>Die SPD k\u00fcndigte an, noch vor den Sommerferien das Gespr\u00e4ch mit den Schulleitungen der anderen Hauptschulen zu suchen, um deren Raumsituation zu er\u00f6rtern und so die Gleichbehandlung insbesondere der Hauptschulen sicher zu stellen.<\/p>\n","protected":false},"excerpt":{"rendered":"<p>Die Raumsituation der St. Michael-Schule wird verbessert und gleichzeitig wird die Z\u00fcgigkeit der Schule auf drei Klassen pro Jahrgang festgeschrieben. Dies ist das Ergebnis eines Vermittlungsgespr\u00e4chs zwischen dem Stadtdechanten Emil&hellip; <\/p>\n","protected":false},"author":1,"featured_media":0,"comment_status":"closed","ping_status":"closed","sticky":false,"template":"","format":"standard","meta":{"footnotes":""},"categories":[1],"tags":[],"quellen":[],"class_list":["post-356","post","type-post","status-publish","format-standard","hentry","category-allgemein"],"_links":{"self":[{"href":"https:\/\/meier-gerdingh.de\/wp-spd-ob\/wp-json\/wp\/v2\/posts\/356","targetHints":{"allow":["GET"]}}],"collection":[{"href":"https:\/\/meier-gerdingh.de\/wp-spd-ob\/wp-json\/wp\/v2\/posts"}],"about":[{"href":"https:\/\/meier-gerdingh.de\/wp-spd-ob\/wp-json\/wp\/v2\/types\/post"}],"author":[{"embeddable":true,"href":"https:\/\/meier-gerdingh.de\/wp-spd-ob\/wp-json\/wp\/v2\/users\/1"}],"replies":[{"embeddable":true,"href":"https:\/\/meier-gerdingh.de\/wp-spd-ob\/wp-json\/wp\/v2\/comments?post=356"}],"version-history":[{"count":0,"href":"https:\/\/meier-gerdingh.de\/wp-spd-ob\/wp-json\/wp\/v2\/posts\/356\/revisions"}],"wp:attachment":[{"href":"https:\/\/meier-gerdingh.de\/wp-spd-ob\/wp-json\/wp\/v2\/media?parent=356"}],"wp:term":[{"taxonomy":"category","embeddable":true,"href":"https:\/\/meier-gerdingh.de\/wp-spd-ob\/wp-json\/wp\/v2\/categories?post=356"},{"taxonomy":"post_tag","embeddable":true,"href":"https:\/\/meier-gerdingh.de\/wp-spd-ob\/wp-json\/wp\/v2\/tags?post=356"},{"taxonomy":"quellen","embeddable":true,"href":"https:\/\/meier-gerdingh.de\/wp-spd-ob\/wp-json\/wp\/v2\/quellen?post=356"}],"curies":[{"name":"wp","href":"https:\/\/api.w.org\/{rel}","templated":true}]}}