{"id":357,"date":"2004-06-24T16:00:00","date_gmt":"2004-06-24T14:00:00","guid":{"rendered":"http:\/\/www.meier-gerdingh.de\/spd-oberhausen\/wp\/?p=357"},"modified":"2017-05-14T13:50:12","modified_gmt":"2017-05-14T11:50:12","slug":"groschek-und-grosse-broemer-erneut-vorgeschlagen","status":"publish","type":"post","link":"https:\/\/meier-gerdingh.de\/wp-spd-ob\/2004\/06\/24\/groschek-und-grosse-broemer-erneut-vorgeschlagen\/","title":{"rendered":"Groschek und Gro\u00dfe Br\u00f6mer erneut vorgeschlagen"},"content":{"rendered":"<div style=\"width: 190px\" class=\"wp-caption alignleft\"><a href=\"http:\/\/meier-gerdingh.de\/wp-spd-ob\/wp-content\/uploads\/groschek_grosse_broemer.jpg\"><img decoding=\"async\" class=\"size-full\" src=\"http:\/\/meier-gerdingh.de\/wp-spd-ob\/wp-content\/uploads\/groschek_grosse_broemer.jpg\" alt=\"Von der Oberhausener SPD wieder f\u00fcr den Landtag nominiert: Wolfgang Gro\u00dfe Br\u00f6mer und Michael Groschek\" width=\"180\" height=\"126\" \/><\/a><p class=\"wp-caption-text\">Von der Oberhausener SPD wieder f\u00fcr den Landtag nominiert: Wolfgang Gro\u00dfe Br\u00f6mer und Michael Groschek<\/p><\/div>\n<p>Der Unterbezirksvorstand der Oberhausener Sozialdemokraten schlug in seiner letzten Sitzung Michael Groschek, Generalsekret\u00e4r der nordrhein-westf\u00e4lischen SPD, sowie Wolfgang Gro\u00dfe Br\u00f6mer, SPD-Fraktionsvorsitzender im Rat der Stadt Oberhausen, erneut als Kandidaten f\u00fcr die Landtagswahl 2005 vor.<!--more--><\/p>\n<p>Bei der Wahl im Mai 2005 wird es im Bereich Oberhausen \/ Dinslaken zwei Landtagswahlkreise geben: Den Wahlkreis 55 (Oberhausen I) mit den Stadtbezirken Alt-Oberhausen und Osterfeld sowie den Wahlkreis 56 (Oberhausen II und Wesel I) mit dem Stadtbezirk Sterkrade und der Stadt Dinslaken.<\/p>\n<p>Die Oberhausener Sozialdemokraten haben Wolfgang Gro\u00dfe Br\u00f6mer f\u00fcr die Kandidatur im Wahlkreis 55 (Alt-Oberhausen und Osterfeld) und Michael Groschek f\u00fcr die Kandidatur im Wahlkreis 56 (Sterkrade und Dinslaken) vorgeschlagen.<\/p>\n<p>SPD-Chef Hartmut Schmidt freut sich \u00fcber das einstimmige Votum des Vorstands und ist \u00fcberzeugt, dass beide Kandidaten f\u00fcr Oberhausen die richtige Wahl sind.<\/p>\n<p>Groschek und Gro\u00dfe Br\u00f6mer geh\u00f6ren dem nordrhein-westf\u00e4lischen Landtag seit 2000 an.<\/p>\n<p>Bei einer Wahlkreiskonferenz am 5. Juli f\u00fcr Alt-Oberhausen und Osterfeld sowie am 9. Juli f\u00fcr Sterkrade und Dinslaken stehen die Nominierungen der Kandidaten auf der Tagesordnung.<\/p>\n","protected":false},"excerpt":{"rendered":"<p>Der Unterbezirksvorstand der Oberhausener Sozialdemokraten schlug in seiner letzten Sitzung Michael Groschek, Generalsekret\u00e4r der nordrhein-westf\u00e4lischen SPD, sowie Wolfgang Gro\u00dfe Br\u00f6mer, SPD-Fraktionsvorsitzender im Rat der Stadt Oberhausen, erneut als Kandidaten f\u00fcr&hellip; <\/p>\n","protected":false},"author":1,"featured_media":0,"comment_status":"closed","ping_status":"closed","sticky":false,"template":"","format":"standard","meta":{"footnotes":""},"categories":[1],"tags":[],"quellen":[],"class_list":["post-357","post","type-post","status-publish","format-standard","hentry","category-allgemein"],"_links":{"self":[{"href":"https:\/\/meier-gerdingh.de\/wp-spd-ob\/wp-json\/wp\/v2\/posts\/357","targetHints":{"allow":["GET"]}}],"collection":[{"href":"https:\/\/meier-gerdingh.de\/wp-spd-ob\/wp-json\/wp\/v2\/posts"}],"about":[{"href":"https:\/\/meier-gerdingh.de\/wp-spd-ob\/wp-json\/wp\/v2\/types\/post"}],"author":[{"embeddable":true,"href":"https:\/\/meier-gerdingh.de\/wp-spd-ob\/wp-json\/wp\/v2\/users\/1"}],"replies":[{"embeddable":true,"href":"https:\/\/meier-gerdingh.de\/wp-spd-ob\/wp-json\/wp\/v2\/comments?post=357"}],"version-history":[{"count":0,"href":"https:\/\/meier-gerdingh.de\/wp-spd-ob\/wp-json\/wp\/v2\/posts\/357\/revisions"}],"wp:attachment":[{"href":"https:\/\/meier-gerdingh.de\/wp-spd-ob\/wp-json\/wp\/v2\/media?parent=357"}],"wp:term":[{"taxonomy":"category","embeddable":true,"href":"https:\/\/meier-gerdingh.de\/wp-spd-ob\/wp-json\/wp\/v2\/categories?post=357"},{"taxonomy":"post_tag","embeddable":true,"href":"https:\/\/meier-gerdingh.de\/wp-spd-ob\/wp-json\/wp\/v2\/tags?post=357"},{"taxonomy":"quellen","embeddable":true,"href":"https:\/\/meier-gerdingh.de\/wp-spd-ob\/wp-json\/wp\/v2\/quellen?post=357"}],"curies":[{"name":"wp","href":"https:\/\/api.w.org\/{rel}","templated":true}]}}