{"id":359,"date":"2004-06-24T16:00:00","date_gmt":"2004-06-24T14:00:00","guid":{"rendered":"http:\/\/www.meier-gerdingh.de\/spd-oberhausen\/wp\/?p=359"},"modified":"2017-05-14T13:50:21","modified_gmt":"2017-05-14T11:50:21","slug":"initiative-fuer-mehr-ausbildungsplaetze-in-oberhausen","status":"publish","type":"post","link":"https:\/\/meier-gerdingh.de\/wp-spd-ob\/2004\/06\/24\/initiative-fuer-mehr-ausbildungsplaetze-in-oberhausen\/","title":{"rendered":"Initiative f\u00fcr mehr Ausbildungspl\u00e4tze in Oberhausen"},"content":{"rendered":"<div style=\"width: 150px\" class=\"wp-caption alignleft\"><a href=\"http:\/\/meier-gerdingh.de\/wp-spd-ob\/wp-content\/uploads\/wehling.jpg\"><img decoding=\"async\" class=\"size-full\" src=\"http:\/\/meier-gerdingh.de\/wp-spd-ob\/wp-content\/uploads\/wehling.jpg\" alt=\"Klaus Wehling ist erster B\u00fcrgermeister der Stadt Oberhausen und Spitzenkandidat der SPD f\u00fcr das Amt des Oberb\u00fcrgermeisters\" width=\"140\" height=\"191\" \/><\/a><p class=\"wp-caption-text\">Klaus Wehling ist erster B\u00fcrgermeister der Stadt Oberhausen und Spitzenkandidat der SPD f\u00fcr das Amt des Oberb\u00fcrgermeisters<\/p><\/div>\n<p>Eine Initiative f\u00fcr mehr Ausbildungspl\u00e4tze hat SPD-Oberb\u00fcrgermeisterkandidat Klaus Wehling gestartet. Hierzu lud er wichtige gesellschaftliche Gruppen an einen Tisch, um m\u00f6gliche Ma\u00dfnahmen zur Schaffung weiterer Lehrstellen zu diskutieren. Vertreten waren u.a. Dieter Hillebrand vom Deutschen Gewerkschaftsbund, Dirk Gr\u00fcnewald von der Industrie und Handelskammer sowie J\u00f6rg Bischoff als Vertreter des Handwerks und Uli Klein als Sprecher des Oberhausener Verbundsystems f\u00fcr Ausbildung und Qualifikation.<!--more--><\/p>\n<p>Zum Einstieg stellte die Agentur f\u00fcr Arbeit die aktuellen Zahlen zur Ausbildungssituation in Oberhausen da. Dabei konnte zwar festgestellt werden, dass die Anzahl der Ausbildungspl\u00e4tze in Oberhausen im Vergleich zum Vorjahr leicht gestiegen ist, deutlich wurde aber vor allem, dass es noch einer gro\u00dfen Anzahl zus\u00e4tzlicher Pl\u00e4tze bedarf. &#8222;Da muss noch eine Sch\u00fcppe drauf&#8220;, zog Heinrich Lehnert das Fazit f\u00fcr die Agentur f\u00fcr Arbeit.<\/p>\n<p>Aus Sicht von B\u00fcrgermeister Klaus Wehling muss die Stadt Oberhausen dabei mit gutem Beispiel voran gehen. Er k\u00fcndigte an, dass die Stadt auf Initiative der SPD-Ratsfraktion die Anzahl der Ausbildungspl\u00e4tze f\u00fcr 2004 verdoppeln will. Eine erhebliche Erh\u00f6hung der Ausbildungspl\u00e4tze soll es nach dem Willen der SPD auch bei den st\u00e4dtischen T\u00f6chtern geben.<\/p>\n<p>Klaus Wehling sprach in seiner Einleitung vier Punkte an, die nach seiner Auffassung zu einer Verbesserung der Ausbildungssituation beitragen k\u00f6nnen. Umgehend sollten die schon vielf\u00e4ltig laufenden Bem\u00fchungen zur Einwerbung zus\u00e4tzlicher Pl\u00e4tze verst\u00e4rkt werden. Wehling bedankte sich in diesem Zusammenhang f\u00fcr das Angebot der Entwicklungsgesellschaft Neu-Oberhausen, bei ihren Mitgliedsunternehmen f\u00fcr mehr Ausbildungspl\u00e4tze zu werben und verst\u00e4rkt \u00fcber Ausbildungsm\u00f6glichkeiten zu informieren.<\/p>\n<p>F\u00fcr unverzichtbar h\u00e4lt Klaus Wehling den Erhalt des Oberhausener Verbundsystems f\u00fcr Ausbildung und Qualifikation. Durch die hervorragende Arbeit der \u00fcberbetrieblichen Ausbildungstr\u00e4ger bek\u00e4men insbesondere die Jugendlichen eine Perspektive, die sonst am Ausbildungsmarkt kaum eine Chance h\u00e4tten.<\/p>\n<p>F\u00fcr die Zukunft sieht der SPD-Oberb\u00fcrgermeisterkandidat in der verst\u00e4rkten Kooperation zwischen Betrieben und verschiedensten Institutionen eine wichtige M\u00f6glichkeit, mehr Ausbildungspl\u00e4tze zu schaffen. Er k\u00fcndigte an, dass die SPD-Ratsfraktion sich daf\u00fcr aussprechen wird, in Zusammenarbeit zwischen der Agentur f\u00fcr Arbeit und der Stadt Oberhausen einen Jobcenter f\u00fcr Jugendliche einzurichten. Eine Aufgabe dieses Jobcenters k\u00f6nnte die Koordination von Ausbildungsverb\u00fcnden sein.<\/p>\n<p>Einen breiten Raum in der Diskussion nahm die Anregung der verst\u00e4rkten Kommunikation zwischen Schulen und Ausbildungstr\u00e4gern ein. Insbesondere Thomas L\u00f6hr als Vertreter des Projektes &#8222;Unternehmen Schule&#8220;, das es sich zum Ziel gesetzt hat, Schulen und Unternehmen st\u00e4rker miteinander ins Gespr\u00e4ch zu bringen, unterstrich die Wichtigkeit dieses Anliegens. L\u00f6hr sieht Oberhausen hier auf einem guten Weg, eine weitere Intensivierung w\u00e4re aber positiv.<\/p>\n<p>In der Diskussion wurde hervorgehoben, dass ein regelm\u00e4\u00dfiger Austausch der Akteure am Ausbildungsmarkt ein wichtiger Beitrag zur Bek\u00e4mpfung der Jugendarbeitslosigkeit w\u00e4re.<\/p>\n<p>Klaus Wehling bedankte sich abschlie\u00dfend bei den Teilnehmern f\u00fcr ihre bisherigen Bem\u00fchungen. &#8222;Jungen Menschen eine berufliche Perspektive zu geben, sehe ich als eine der wichtigsten Aufgaben an&#8220;, erkl\u00e4rte Wehling und k\u00fcndigte an, die diskutierten Ma\u00dfnahmen weiter zu verfolgen und weitere Aktivit\u00e4ten f\u00fcr mehr Ausbildungspl\u00e4tze zu unterst\u00fctzen.<\/p>\n","protected":false},"excerpt":{"rendered":"<p>Eine Initiative f\u00fcr mehr Ausbildungspl\u00e4tze hat SPD-Oberb\u00fcrgermeisterkandidat Klaus Wehling gestartet. Hierzu lud er wichtige gesellschaftliche Gruppen an einen Tisch, um m\u00f6gliche Ma\u00dfnahmen zur Schaffung weiterer Lehrstellen zu diskutieren. Vertreten waren&hellip; <\/p>\n","protected":false},"author":1,"featured_media":0,"comment_status":"closed","ping_status":"closed","sticky":false,"template":"","format":"standard","meta":{"footnotes":""},"categories":[1],"tags":[],"quellen":[],"class_list":["post-359","post","type-post","status-publish","format-standard","hentry","category-allgemein"],"_links":{"self":[{"href":"https:\/\/meier-gerdingh.de\/wp-spd-ob\/wp-json\/wp\/v2\/posts\/359","targetHints":{"allow":["GET"]}}],"collection":[{"href":"https:\/\/meier-gerdingh.de\/wp-spd-ob\/wp-json\/wp\/v2\/posts"}],"about":[{"href":"https:\/\/meier-gerdingh.de\/wp-spd-ob\/wp-json\/wp\/v2\/types\/post"}],"author":[{"embeddable":true,"href":"https:\/\/meier-gerdingh.de\/wp-spd-ob\/wp-json\/wp\/v2\/users\/1"}],"replies":[{"embeddable":true,"href":"https:\/\/meier-gerdingh.de\/wp-spd-ob\/wp-json\/wp\/v2\/comments?post=359"}],"version-history":[{"count":0,"href":"https:\/\/meier-gerdingh.de\/wp-spd-ob\/wp-json\/wp\/v2\/posts\/359\/revisions"}],"wp:attachment":[{"href":"https:\/\/meier-gerdingh.de\/wp-spd-ob\/wp-json\/wp\/v2\/media?parent=359"}],"wp:term":[{"taxonomy":"category","embeddable":true,"href":"https:\/\/meier-gerdingh.de\/wp-spd-ob\/wp-json\/wp\/v2\/categories?post=359"},{"taxonomy":"post_tag","embeddable":true,"href":"https:\/\/meier-gerdingh.de\/wp-spd-ob\/wp-json\/wp\/v2\/tags?post=359"},{"taxonomy":"quellen","embeddable":true,"href":"https:\/\/meier-gerdingh.de\/wp-spd-ob\/wp-json\/wp\/v2\/quellen?post=359"}],"curies":[{"name":"wp","href":"https:\/\/api.w.org\/{rel}","templated":true}]}}