{"id":361,"date":"2004-07-14T16:00:00","date_gmt":"2004-07-14T14:00:00","guid":{"rendered":"http:\/\/www.meier-gerdingh.de\/spd-oberhausen\/wp\/?p=361"},"modified":"2017-05-14T13:45:26","modified_gmt":"2017-05-14T11:45:26","slug":"spd-ruft-zum-familienfest-in-den-kaisergarten","status":"publish","type":"post","link":"https:\/\/meier-gerdingh.de\/wp-spd-ob\/2004\/07\/14\/spd-ruft-zum-familienfest-in-den-kaisergarten\/","title":{"rendered":"SPD ruft zum Familienfest in den Kaisergarten"},"content":{"rendered":"<p><a href=\"http:\/\/meier-gerdingh.de\/wp-spd-ob\/wp-content\/uploads\/familienfest_2004_small.jpg\"><img decoding=\"async\" class=\"size-full alignleft\" src=\"http:\/\/meier-gerdingh.de\/wp-spd-ob\/wp-content\/uploads\/familienfest_2004_small.jpg\" alt=\"\" width=\"140\" height=\"197\" \/><\/a>Am Sonntag, 18. Juli, ist es wieder soweit: Kleine und gro\u00dfe Besucher des Kaisergartens in Oberhausen erwarten Spiel, Spa\u00df, Akrobatik, Rock\u00b4n Roll, Musik, Politik und Unterhaltung pur. Sieben Stunden &#8211; ein volles und buntes Programm z\u00fcndet den ganzen Tag \u00fcber beim Sommerfest der SPD im Oberhausener Kaisergarten. Das Fest beginnt um 11.00 Uhr. Nach dem &#8222;Start frei&#8220; durch B\u00fcrgermeister und OB-Kandidat Klaus Wehling und NRW-SPD Generalsekret\u00e4r, Oberhausens MdL Michael Groschek, beginnt ein siebenst\u00fcndiges B\u00fchnen- und Unterhaltungsprogramm.<!--more--><\/p>\n<p>Hier pr\u00e4sentiert sich eine Vielzahl Oberhausener Vereine mit sportlichen und t\u00e4nzerischen Darbietungen. Musikalische Showbl\u00f6cke sorgen f\u00fcr jede Menge Unterhaltung und Abwechslung u.a. mit der Rock&#8217;n Roll Formation &#8222;Teddy Rockers&#8220;, der ABBA-Revival-Show &#8222;ABBA da capo&#8220; und der Akrobatik des New Yorker Artisten Noah Chorny.<\/p>\n<p>Eine Vielzahl von Informations- und Aktionsst\u00e4nden von Vereinen, Verb\u00e4nden und gesellschaftlichen Gruppen, die sich mit ihren Programmen und Aufgaben vorstellen, pr\u00e4sentieren sich ebenfalls im Kaisergarten beim SPD-Familienfest.<\/p>\n<p>Auf der gro\u00dfen Wiese vor dem Kaisergartensee gibt es jede Menge Spiel, Spa\u00df und Unterhaltung pur. Ob beim Quadro-Bungee-Trampolin, dem Kraxeln an der Kletterwand des Life-line-Mobils, beim Kinder-Mitmachspektakel des Mobifantes oder der sportlichen Kinderolympiade, \u00fcberall ist auch f\u00fcr die J\u00fcngsten was los. Das Seifenblasenspektakel, die Kutschfahrten oder das Jonglieren mit Clown Jo-Jo geh\u00f6ren nat\u00fcrlich auch dazu.<\/p>\n<p>Alle Oberhausener SPD-Abgeordneten sowie die SPD-Ortsvereine und -Arbeitsgemeinschaften beteiligen sich den ganzen Sonntag \u00fcber mit vielen Aktionen und informieren selbstverst\u00e4ndlich im pers\u00f6nlichen Gespr\u00e4ch \u00fcber ihre Aktivit\u00e4ten. SPD-Landesvorsitzender Harald Schartau und Ministerpr\u00e4sident Peer Steinbr\u00fcck werden beim gro\u00dfen Fest der SPD mit dabei sein.<\/p>\n<p>Alle Oberhausenerinnen und Oberhausener sind herzlich in den Kaisergarten eingeladen.<\/p>\n<p><b>Ablaufplan:<\/b><\/p>\n<p>11.00 Uhr:<br \/>\nEr\u00f6ffnung des Familienfestes durch Klaus Wehling und Michael Groschek<\/p>\n<p>11.10 &#8211; 11.20 Uhr:<br \/>\nShowtanz der Cheerleader &#8222;Silver und Junior Stars&#8220;<\/p>\n<p>11.20 &#8211; 11.35 Uhr:<br \/>\nAuftritt des Shanty-Chors Hiesfeld<\/p>\n<p>11.35 &#8211; 11.55 Uhr:<br \/>\nBauchtanz der Ruhrwerkstatt Oberhausen<\/p>\n<p>11.55 &#8211; 12.10 Uhr:<br \/>\nAuftritt des Shanty-Chors Hiesfeld<\/p>\n<p>12.10 &#8211; 12.40 Uhr:<br \/>\nKaratevorf\u00fchrung des Budo-Sport-Centers<\/p>\n<p>12.45 &#8211; 13.00 Uhr:<br \/>\nShowtanz der Sterkrader Raben<\/p>\n<p>13.00 &#8211; 13.30 Uhr:<br \/>\nMusik mit DJ Wolfgang Werntgen<\/p>\n<p>13.30 &#8211; 14.10 Uhr:<br \/>\nAuftritt der ABBA da Capo Band<\/p>\n<p>14.10 &#8211; 14.20 Uhr:<br \/>\nMusik mit DJ Wolfgang Werntgen<\/p>\n<p>14.20 &#8211; 14.50 Uhr:<br \/>\nAkrobatik und Slapstick Noah Chorny<\/p>\n<p>14.50 &#8211; 15.00 Uhr:<br \/>\nBegr\u00fc\u00dfung Harald Schartau &#8211; Vorsitzender NRW SPD und Peer Steinbr\u00fcck &#8211; Ministerpr\u00e4sident NRW<\/p>\n<p>15.00 &#8211; 15.10 Uhr:<br \/>\nShowtanz der Cheerleader &#8222;Silver Shadows&#8220; der Revierl\u00f6wen<\/p>\n<p>15.15 &#8211; 16.00 Uhr:<br \/>\nAuftritt der ABBA da Capo Band<\/p>\n<p>16.00 &#8211; 16.10 Uhr:<br \/>\nShowtanz der Cheerleader &#8222;Silver Shadows&#8220; der Revierl\u00f6wen<\/p>\n<p>16.10 &#8211; 16.40 Uhr:<br \/>\nAkrobatik und Slapstick Noah Chorny<\/p>\n<p>16.40 &#8211; 17.10 Uhr:<br \/>\nAdriano-Celentano-Double &#8211; Andr\u00e9 Siddi<\/p>\n<p>17.10 &#8211; 17.25 Uhr:<br \/>\nAuftritt der Teddy Rockers<\/p>\n","protected":false},"excerpt":{"rendered":"<p>Am Sonntag, 18. Juli, ist es wieder soweit: Kleine und gro\u00dfe Besucher des Kaisergartens in Oberhausen erwarten Spiel, Spa\u00df, Akrobatik, Rock\u00b4n Roll, Musik, Politik und Unterhaltung pur. Sieben Stunden &#8211;&hellip; <\/p>\n","protected":false},"author":1,"featured_media":0,"comment_status":"closed","ping_status":"closed","sticky":false,"template":"","format":"standard","meta":{"footnotes":""},"categories":[1],"tags":[],"quellen":[],"class_list":["post-361","post","type-post","status-publish","format-standard","hentry","category-allgemein"],"_links":{"self":[{"href":"https:\/\/meier-gerdingh.de\/wp-spd-ob\/wp-json\/wp\/v2\/posts\/361","targetHints":{"allow":["GET"]}}],"collection":[{"href":"https:\/\/meier-gerdingh.de\/wp-spd-ob\/wp-json\/wp\/v2\/posts"}],"about":[{"href":"https:\/\/meier-gerdingh.de\/wp-spd-ob\/wp-json\/wp\/v2\/types\/post"}],"author":[{"embeddable":true,"href":"https:\/\/meier-gerdingh.de\/wp-spd-ob\/wp-json\/wp\/v2\/users\/1"}],"replies":[{"embeddable":true,"href":"https:\/\/meier-gerdingh.de\/wp-spd-ob\/wp-json\/wp\/v2\/comments?post=361"}],"version-history":[{"count":0,"href":"https:\/\/meier-gerdingh.de\/wp-spd-ob\/wp-json\/wp\/v2\/posts\/361\/revisions"}],"wp:attachment":[{"href":"https:\/\/meier-gerdingh.de\/wp-spd-ob\/wp-json\/wp\/v2\/media?parent=361"}],"wp:term":[{"taxonomy":"category","embeddable":true,"href":"https:\/\/meier-gerdingh.de\/wp-spd-ob\/wp-json\/wp\/v2\/categories?post=361"},{"taxonomy":"post_tag","embeddable":true,"href":"https:\/\/meier-gerdingh.de\/wp-spd-ob\/wp-json\/wp\/v2\/tags?post=361"},{"taxonomy":"quellen","embeddable":true,"href":"https:\/\/meier-gerdingh.de\/wp-spd-ob\/wp-json\/wp\/v2\/quellen?post=361"}],"curies":[{"name":"wp","href":"https:\/\/api.w.org\/{rel}","templated":true}]}}