{"id":363,"date":"2004-07-13T16:00:00","date_gmt":"2004-07-13T14:00:00","guid":{"rendered":"http:\/\/www.meier-gerdingh.de\/spd-oberhausen\/wp\/?p=363"},"modified":"2017-05-14T13:46:31","modified_gmt":"2017-05-14T11:46:31","slug":"ausbau-der-kindertagesbetreuung-und-entlastung-der-kommunen-auf-dem-weg","status":"publish","type":"post","link":"https:\/\/meier-gerdingh.de\/wp-spd-ob\/2004\/07\/13\/ausbau-der-kindertagesbetreuung-und-entlastung-der-kommunen-auf-dem-weg\/","title":{"rendered":"Ausbau der Kindertagesbetreuung und Entlastung der Kommunen auf dem Weg"},"content":{"rendered":"<p><div style=\"width: 150px\" class=\"wp-caption alignleft\"><a href=\"http:\/\/meier-gerdingh.de\/wp-spd-ob\/wp-content\/uploads\/grotthaus_rede.jpg\"><img decoding=\"async\" src=\"http:\/\/meier-gerdingh.de\/wp-spd-ob\/wp-content\/uploads\/grotthaus_rede.jpg\"  width=\"140\" height=\"194\" alt=\"\" class=\"size-full\" \/><\/a><p class=\"wp-caption-text\">MdB Wolfgang Grotthaus<\/p><\/div>Mit der Einigung im Vermittlungsausschuss und der Aufgabe der Blockade durch die Union ist ein wichtiger Schritt zur St\u00e4rkung der Kommunen und der Hilfe f\u00fcr Arbeitssuchende erreicht worden. Damit ist die zugesagte Entlastung der Kommunen in H\u00f6he von 2,5 Milliarden Euro sichergestellt und der Weg frei f\u00fcr den Ausbau der Betreuung f\u00fcr Kinder unter drei Jahren. Der Bund stellt den Kommunen zus\u00e4tzlich 3,2 Milliarden Euro als Beteiligung an den Unterkunftskosten zur Verf\u00fcgung.<!--more--><\/p>\n<p>Die Reform Hartz IV beinhaltet somit eine Chance f\u00fcr Kinder und Eltern. Hierbei wird die Ganztagsschule durch die Schaffung von verl\u00e4sslichen und guten Betreuungsangeboten f\u00fcr Kinder der unteren Alterstufen erg\u00e4nzt. Zus\u00e4tzliche Betreuungs- und Bildungsangebote auch f\u00fcr unsere Kleinsten sind erforderlich, damit Kinder gerechte Startchancen und Eltern Beruf und Familie besser miteinander vereinbaren k\u00f6nnen. Der Bund unterst\u00fctzt deshalb mit den durch Hartz IV frei werdenden Mitteln die St\u00e4dte und Gemeinden mit bis zu 1,5 Mrd. Euro bei der kommunalen Aufgabe des Ausbaus einer bedarfsgerechten Kinderbetreuung.<\/p>\n<p>Neben der finanziellen Unterst\u00fctzung soll noch in diesem Sommer ein neues Tagesbetreuungsgesetz durch das Bundeskabinett beschlossen werden. In diesem sollen k\u00fcnftig die rechtlichen und qualitativen Rahmenbedingungen festgelegt und die p\u00e4dagogische Qualit\u00e4t gesichert werden.<\/p>\n<p>Damit ist ein wichtiges familien- und kinderpolitisches Vorhaben der SPD-Bundestagsfraktion auf den Weg gebracht, das f\u00fcr Kinder und  Eltern aber auch der Wirtschaft neue zukunftsweisende Perspektiven er\u00f6ffnet.<\/p>\n","protected":false},"excerpt":{"rendered":"<p>Mit der Einigung im Vermittlungsausschuss und der Aufgabe der Blockade durch die Union ist ein wichtiger Schritt zur St\u00e4rkung der Kommunen und der Hilfe f\u00fcr Arbeitssuchende erreicht worden. Damit ist&hellip; <\/p>\n","protected":false},"author":1,"featured_media":0,"comment_status":"closed","ping_status":"closed","sticky":false,"template":"","format":"standard","meta":{"footnotes":""},"categories":[1],"tags":[],"quellen":[],"class_list":["post-363","post","type-post","status-publish","format-standard","hentry","category-allgemein"],"_links":{"self":[{"href":"https:\/\/meier-gerdingh.de\/wp-spd-ob\/wp-json\/wp\/v2\/posts\/363","targetHints":{"allow":["GET"]}}],"collection":[{"href":"https:\/\/meier-gerdingh.de\/wp-spd-ob\/wp-json\/wp\/v2\/posts"}],"about":[{"href":"https:\/\/meier-gerdingh.de\/wp-spd-ob\/wp-json\/wp\/v2\/types\/post"}],"author":[{"embeddable":true,"href":"https:\/\/meier-gerdingh.de\/wp-spd-ob\/wp-json\/wp\/v2\/users\/1"}],"replies":[{"embeddable":true,"href":"https:\/\/meier-gerdingh.de\/wp-spd-ob\/wp-json\/wp\/v2\/comments?post=363"}],"version-history":[{"count":0,"href":"https:\/\/meier-gerdingh.de\/wp-spd-ob\/wp-json\/wp\/v2\/posts\/363\/revisions"}],"wp:attachment":[{"href":"https:\/\/meier-gerdingh.de\/wp-spd-ob\/wp-json\/wp\/v2\/media?parent=363"}],"wp:term":[{"taxonomy":"category","embeddable":true,"href":"https:\/\/meier-gerdingh.de\/wp-spd-ob\/wp-json\/wp\/v2\/categories?post=363"},{"taxonomy":"post_tag","embeddable":true,"href":"https:\/\/meier-gerdingh.de\/wp-spd-ob\/wp-json\/wp\/v2\/tags?post=363"},{"taxonomy":"quellen","embeddable":true,"href":"https:\/\/meier-gerdingh.de\/wp-spd-ob\/wp-json\/wp\/v2\/quellen?post=363"}],"curies":[{"name":"wp","href":"https:\/\/api.w.org\/{rel}","templated":true}]}}