{"id":3646,"date":"2016-11-08T11:22:15","date_gmt":"2016-11-08T10:22:15","guid":{"rendered":"http:\/\/meier-gerdingh.de\/wp-spd-ob\/?p=3646"},"modified":"2016-11-30T17:19:36","modified_gmt":"2016-11-30T16:19:36","slug":"oberhausener-spd-mitglieder-zeigten-gesicht-gegen-rechts","status":"publish","type":"post","link":"https:\/\/meier-gerdingh.de\/wp-spd-ob\/2016\/11\/08\/oberhausener-spd-mitglieder-zeigten-gesicht-gegen-rechts\/","title":{"rendered":"Oberhausener SPD-Mitglieder zeigten &#8222;Gesicht gegen Rechts&#8220;"},"content":{"rendered":"<div id=\"attachment_3625\" style=\"width: 650px\" class=\"wp-caption aligncenter\"><a href=\"http:\/\/meier-gerdingh.de\/wp-spd-ob\/wp-content\/uploads\/2016\/11\/gesicht_zeigen_gegen_rechts_16_11_07_lg.jpg\"><img aria-describedby=\"caption-attachment-3625\" decoding=\"async\" src=\"http:\/\/meier-gerdingh.de\/wp-spd-ob\/wp-content\/uploads\/2016\/11\/gesicht_zeigen_gegen_rechts_16_11_07.jpg\" alt=\"131 SPD-Mitglieder zeigten &quot;Gesicht gegen Rechts&quot; auf dem UB-Parteitag\" width=\"640\" height=\"382\" class=\"size-full wp-image-3625\" srcset=\"https:\/\/meier-gerdingh.de\/wp-spd-ob\/wp-content\/uploads\/2016\/11\/gesicht_zeigen_gegen_rechts_16_11_07.jpg 640w, https:\/\/meier-gerdingh.de\/wp-spd-ob\/wp-content\/uploads\/2016\/11\/gesicht_zeigen_gegen_rechts_16_11_07-300x179.jpg 300w\" sizes=\"(max-width: 640px) 100vw, 640px\" \/><\/a><p id=\"caption-attachment-3625\" class=\"wp-caption-text\">131 SPD-Mitglieder zeigten &#8222;Gesicht gegen Rechts&#8220; auf dem UB-Parteitag<\/p><\/div>\n<p>131 Mitglieder der Oberhausener SPD zeigten vor Beginn ihres Herbst-Parteitages am Montagabend in der Luise-Albert-Halle im wahrsten Sinne des Wortes Gesicht gegen Rechtsextremismus und Rassismus und f\u00fcr Demokratie und Toleranz. Sie versammelten sich hinter dem Banner des Antifaschistischen B\u00fcndnisses Oberhausen. Initiiert hatte die Aktion der Landtagsabgeordnete Stefan Zimkeit, der selbst aktives Mitglied beim Oberhausener B\u00fcndnis gegen Rechts ist.<!--more--><\/p>\n<p>Hintergrund: In den vergangenen Wochen und Monaten haben Rechtsextreme mehrmals versucht, in Oberhausen Aktionen durchzuf\u00fchren. Hiergegen sind stets viele Oberhausener B\u00fcrgerinnen und B\u00fcrger auf die Stra\u00dfe gegangen um deutlich zu machen, dass es in unserer Stadt, keinen Platz f\u00fcr Rechtsextremismus, Rassismus und Ausgrenzung gibt. Mit dabei waren auch stets viele Oberhauser SPD-Mitglieder.<\/p>\n<p>Mit der Aktion am Montagabend m\u00f6chte die Oberhausener SPD ein kleines Zeichen setzen und deutlich machen, dass man auch k\u00fcnftig bei Aktionen von Rechtsextremen auf die Stra\u00dfe gehen werde. &#8222;Wir finden uns nicht damit ab, dass unsere Stadt zum Aufmarschgebiet von Spaltern und Hetzern wird. Dagegen werden wir immer wieder auf die Stra\u00dfe gehen!&#8220; so die stv. Vorsitzende der Oberhausener SPD und Landtagskandidatin Sonja Bongers.<\/p>\n","protected":false},"excerpt":{"rendered":"<p>131 Mitglieder der Oberhausener SPD zeigten vor Beginn ihres Herbst-Parteitages am Montagabend in der Luise-Albert-Halle im wahrsten Sinne des Wortes Gesicht gegen Rechtsextremismus und Rassismus und f\u00fcr Demokratie und Toleranz.&hellip; <\/p>\n","protected":false},"author":1,"featured_media":0,"comment_status":"closed","ping_status":"closed","sticky":false,"template":"","format":"standard","meta":{"footnotes":""},"categories":[404,173],"tags":[986,987,988,863,73],"quellen":[327],"class_list":["post-3646","post","type-post","status-publish","format-standard","hentry","category-gemeinsam-gegen-rechts","category-parteileben","tag-antifaschistisches-buendnis-oberhausen","tag-oberhausener-buendnis-gegen-rechts","tag-rechtsextreme","tag-rechtsextremismus","tag-ub-parteitag","quellen-spd-unterbezirk-oberhausen"],"_links":{"self":[{"href":"https:\/\/meier-gerdingh.de\/wp-spd-ob\/wp-json\/wp\/v2\/posts\/3646","targetHints":{"allow":["GET"]}}],"collection":[{"href":"https:\/\/meier-gerdingh.de\/wp-spd-ob\/wp-json\/wp\/v2\/posts"}],"about":[{"href":"https:\/\/meier-gerdingh.de\/wp-spd-ob\/wp-json\/wp\/v2\/types\/post"}],"author":[{"embeddable":true,"href":"https:\/\/meier-gerdingh.de\/wp-spd-ob\/wp-json\/wp\/v2\/users\/1"}],"replies":[{"embeddable":true,"href":"https:\/\/meier-gerdingh.de\/wp-spd-ob\/wp-json\/wp\/v2\/comments?post=3646"}],"version-history":[{"count":0,"href":"https:\/\/meier-gerdingh.de\/wp-spd-ob\/wp-json\/wp\/v2\/posts\/3646\/revisions"}],"wp:attachment":[{"href":"https:\/\/meier-gerdingh.de\/wp-spd-ob\/wp-json\/wp\/v2\/media?parent=3646"}],"wp:term":[{"taxonomy":"category","embeddable":true,"href":"https:\/\/meier-gerdingh.de\/wp-spd-ob\/wp-json\/wp\/v2\/categories?post=3646"},{"taxonomy":"post_tag","embeddable":true,"href":"https:\/\/meier-gerdingh.de\/wp-spd-ob\/wp-json\/wp\/v2\/tags?post=3646"},{"taxonomy":"quellen","embeddable":true,"href":"https:\/\/meier-gerdingh.de\/wp-spd-ob\/wp-json\/wp\/v2\/quellen?post=3646"}],"curies":[{"name":"wp","href":"https:\/\/api.w.org\/{rel}","templated":true}]}}