{"id":3650,"date":"2016-11-18T12:00:18","date_gmt":"2016-11-18T11:00:18","guid":{"rendered":"http:\/\/meier-gerdingh.de\/wp-spd-ob\/?p=3650"},"modified":"2016-12-03T15:19:42","modified_gmt":"2016-12-03T14:19:42","slug":"enge-zusammenarbeit","status":"publish","type":"post","link":"https:\/\/meier-gerdingh.de\/wp-spd-ob\/2016\/11\/18\/enge-zusammenarbeit\/","title":{"rendered":"Enge Zusammenarbeit"},"content":{"rendered":"<div id=\"attachment_3657\" style=\"width: 230px\" class=\"wp-caption alignleft\"><a href=\"http:\/\/meier-gerdingh.de\/wp-spd-ob\/wp-content\/uploads\/2016\/11\/zimkeit_heidinger_real.jpg\"><img aria-describedby=\"caption-attachment-3657\" decoding=\"async\" class=\"size-full wp-image-3657\" src=\"http:\/\/meier-gerdingh.de\/wp-spd-ob\/wp-content\/uploads\/2016\/11\/zimkeit_heidinger_real_lg.jpg\" alt=\"Der Landtagsabgeordnete f\u00fcr Oberhausen-Sterkrade und Dinslaken Stefan Zimkeit mit Dinslakens B\u00fcrgermeister Dr. Michael Heidinger und Uli Real, Bezirksb\u00fcrgermeister von Sterkrade\" width=\"220\" height=\"150\" \/><\/a><p id=\"caption-attachment-3657\" class=\"wp-caption-text\">Der Landtagsabgeordnete f\u00fcr Oberhausen-Sterkrade und Dinslaken Stefan Zimkeit mit Dinslakens B\u00fcrgermeister Dr. Michael Heidinger und Uli Real, Bezirksb\u00fcrgermeister von Sterkrade<\/p><\/div>\n<p>Seit 2010 geh\u00f6rt Stefan Zimkeit als direkt gew\u00e4hlter Abgeordneter dem Landtag an. Auf einer Versammlung der SPD-Ortsvereine aus Dinslaken und Sterkrade hat er in Hinblick auf die Landtagswahl 2017 eine Bilanz gezogen. &#8222;Es war richtig, dass wir bei Kindern, Jugend und Bildung die Schwerpunkte gesetzt haben&#8220;, sagte der finanzpolitische Sprecher der SPD-Landtagsfraktion. &#8222;Au\u00dferdem haben wir die finanzschwachen St\u00e4dte erheblich st\u00e4rker unterst\u00fctzt, gerade im Vergleich mit reicheren Kommunen.&#8220;<!--more--><\/p>\n<p>Sterkrades Bezirksb\u00fcrgermeister Ulrich Real best\u00e4tigte Zimkeits Aussagen. &#8222;Der St\u00e4rkungspakt ist ein Gl\u00fccksgriff f\u00fcr Sterkrade&#8220;, unterstrich er. Nur so habe der Stadtteil an umfangreichen St\u00e4dtebauprojekten teilnehmen k\u00f6nnen. &#8222;12 Millionen Euro w\u00e4ren an Sterkrade vorbeigeflossen, wenn es den St\u00e4rkungspakt nicht gegeben h\u00e4tte&#8220;, sagte Real.<\/p>\n<p>In die Entwicklung von Lohberg habe das Land 10 Millionen Euro investiert, und in die Dinslakener Innenstadt acht Millionen Euro, rechnete Zimkeit vor. &#8222;Und 120 Millionen Euro haben Private in die Innenstadt investiert&#8220;, erg\u00e4nzte Dinslakens B\u00fcrgermeister Michael Heidinger und betonte die beeindruckende Hebelwirkung, die die Landesmittel an dieser Stelle gehabt h\u00e4tten. &#8222;Stadt und Land, Hand in Hand&#8220;, bedankte er sich bei Zimkeit f\u00fcr die sehr gute Kooperation.<\/p>\n<p>&#8222;Bildungschancen sind Lebenschancen&#8220; hob Michael Heidinger die Tatsache hervor, dass NRW insbesondere f\u00fcr die Kitas viel Geld in die Hand genommen habe. &#8222;Wir haben die Ausgaben von einer auf \u00fcber zwei Milliarden Euro mehr als verdoppelt&#8220;, erg\u00e4nzte Stefan Zimkeit. &#8222;Davon profitieren ganz besonders Kinderg\u00e4rten in sozial benachteiligten Stadtteilen, denn sie bekommen zus\u00e4tzliches Geld und Personal.&#8220; Sechs Einrichtungen in Dinslaken und 22 in Oberhausen z\u00e4hlen dazu. Zimkeit k\u00fcndigte an, in der n\u00e4chsten Wahlperiode f\u00fcr fr\u00fche F\u00f6rderung und Bildung weitere Mittel bereitstellen zu wollen. &#8222;Ich m\u00f6chte f\u00fcr noch mehr Qualit\u00e4t in den Kitas ein komplett neues Gesetz formulieren.&#8220;<\/p>\n<p>Auch f\u00fcr die Schulen habe das Land viel getan, so Stefan Zimkeit. Dinslaken und Oberhausen h\u00e4tten ungef\u00e4hr 290 neue Lehrerstellen und 39 Millionen Euro im Rahmen des NRW-Programms &#8222;Gute Schule 2020&#8220; bekommen, das jetzt anl\u00e4uft. &#8222;Dieses Programm ist ganz besonders unb\u00fcrokratisch, genauso wie die soeben angelaufene 1,2-Millionen-F\u00f6rderung von Kinder- und Jugendeinrichtungen in Oberhausen und Dinslaken&#8220;, antwortete Zimkeit auf eine von Bezirksb\u00fcrgermeister Real ge\u00e4u\u00dferte Forderung. F\u00f6rderprogramme m\u00fcssten so gestaltet sein, dass die St\u00e4dte sie personell bew\u00e4ltigen k\u00f6nnen, sagte Ulrich Real in der Diskussion im Gemeindezentrum Schmachtendorf.<\/p>\n<p>Wer etwas beschlie\u00dft, m\u00fcsse das auch bezahlen, forderte B\u00fcrgermeister Heidinger. Er lobte NRW, wo dieses Prinzip in der Verfassung verankert ist. Der Bund w\u00e4lze die von ihm beschlossenen Sozialausgaben aber immer noch auf die Kommunen ab, kritisierte Michael Heidinger. Er war sich mit Stefan Zimkeit einig, auf eine \u00c4nderung hinzuwirken.<\/p>\n<p>&#8222;Auf Verlangen der SPD entlastet der Bund die Kommunen nun um f\u00fcnf Milliarden Euro&#8220;, wies der Landtagsabgeordnete auf einen wichtigen Schritt hin. &#8222;Leider bekommen Oberhausens Einwohner aus diesem Entlastungspaket nur 28 Euro pro Kopf, in Dinslaken sind es blo\u00df 21 Euro.&#8220; D\u00fcsseldorfer B\u00fcrger seien Berlin hingegen 40 Euro wert, Ratingen bekomme pro Person sogar 48 Euro. &#8222;Dabei m\u00fcsste es genau umgekehrt sein&#8220;, kritisierte Zimkeit die Regelung, die Bundesentlastung am Umsatzsteueraufkommen zu bemessen.<\/p>\n","protected":false},"excerpt":{"rendered":"<p>Seit 2010 geh\u00f6rt Stefan Zimkeit als direkt gew\u00e4hlter Abgeordneter dem Landtag an. Auf einer Versammlung der SPD-Ortsvereine aus Dinslaken und Sterkrade hat er in Hinblick auf die Landtagswahl 2017 eine&hellip; <\/p>\n","protected":false},"author":1,"featured_media":0,"comment_status":"closed","ping_status":"closed","sticky":false,"template":"","format":"standard","meta":{"footnotes":""},"categories":[216,171],"tags":[1015,1009,1019,1008,849,14,1010,726,1012,1017,1013,1011,1014,990,46,1018,1016],"quellen":[331],"class_list":["post-3650","post","type-post","status-publish","format-standard","hentry","category-land","category-veranstaltungen","tag-stadt-und-land-hand-in-hand","tag-bund","tag-bundesentlastung","tag-dinslaken","tag-kita","tag-kommunalfinanzen","tag-land","tag-landtagswahl-2017","tag-lohberg","tag-mehrwertsteuer","tag-michael-heidinger","tag-nrw-programm-gute-schule-2020","tag-sozialausgaben","tag-staerkungspakt-stadtfinanzen","tag-sterkrade","tag-ulrich-real","tag-umsatzsteuer","quellen-mdl-stefan-zimkeit"],"_links":{"self":[{"href":"https:\/\/meier-gerdingh.de\/wp-spd-ob\/wp-json\/wp\/v2\/posts\/3650","targetHints":{"allow":["GET"]}}],"collection":[{"href":"https:\/\/meier-gerdingh.de\/wp-spd-ob\/wp-json\/wp\/v2\/posts"}],"about":[{"href":"https:\/\/meier-gerdingh.de\/wp-spd-ob\/wp-json\/wp\/v2\/types\/post"}],"author":[{"embeddable":true,"href":"https:\/\/meier-gerdingh.de\/wp-spd-ob\/wp-json\/wp\/v2\/users\/1"}],"replies":[{"embeddable":true,"href":"https:\/\/meier-gerdingh.de\/wp-spd-ob\/wp-json\/wp\/v2\/comments?post=3650"}],"version-history":[{"count":0,"href":"https:\/\/meier-gerdingh.de\/wp-spd-ob\/wp-json\/wp\/v2\/posts\/3650\/revisions"}],"wp:attachment":[{"href":"https:\/\/meier-gerdingh.de\/wp-spd-ob\/wp-json\/wp\/v2\/media?parent=3650"}],"wp:term":[{"taxonomy":"category","embeddable":true,"href":"https:\/\/meier-gerdingh.de\/wp-spd-ob\/wp-json\/wp\/v2\/categories?post=3650"},{"taxonomy":"post_tag","embeddable":true,"href":"https:\/\/meier-gerdingh.de\/wp-spd-ob\/wp-json\/wp\/v2\/tags?post=3650"},{"taxonomy":"quellen","embeddable":true,"href":"https:\/\/meier-gerdingh.de\/wp-spd-ob\/wp-json\/wp\/v2\/quellen?post=3650"}],"curies":[{"name":"wp","href":"https:\/\/api.w.org\/{rel}","templated":true}]}}