{"id":3697,"date":"2016-12-09T12:36:01","date_gmt":"2016-12-09T11:36:01","guid":{"rendered":"http:\/\/meier-gerdingh.de\/wp-spd-ob\/?p=3697"},"modified":"2018-12-06T17:04:29","modified_gmt":"2018-12-06T16:04:29","slug":"nrw-gibt-mehr-geld-fuer-schulsozialarbeit-und-ganztag","status":"publish","type":"post","link":"https:\/\/meier-gerdingh.de\/wp-spd-ob\/2016\/12\/09\/nrw-gibt-mehr-geld-fuer-schulsozialarbeit-und-ganztag\/","title":{"rendered":"NRW gibt mehr Geld f\u00fcr Schulsozialarbeit und Ganztag"},"content":{"rendered":"<div id=\"attachment_1707\" style=\"width: 150px\" class=\"wp-caption alignleft\"><a href=\"http:\/\/meier-gerdingh.de\/wp-spd-ob\/wp-content\/uploads\/zimkeit_stefan_12.jpg\"><img aria-describedby=\"caption-attachment-1707\" decoding=\"async\" class=\"size-full wp-image-1707\" src=\"http:\/\/meier-gerdingh.de\/wp-spd-ob\/wp-content\/uploads\/zimkeit_stefan_12.jpg\" alt=\"Stefan Zimkeit ist Mitglied des Landtags von Nordrhein-Westfalen und finanzpolitischer Sprecher der SPD-Landtagsfraktion\" width=\"140\" height=\"169\" \/><\/a><p id=\"caption-attachment-1707\" class=\"wp-caption-text\">Stefan Zimkeit ist Mitglied des Landtags von Nordrhein-Westfalen und finanzpolitischer Sprecher der SPD-Landtagsfraktion<\/p><\/div>\n<p>&#8222;Die Schulsozialarbeit in Oberhausen ist auch f\u00fcr 2018 gesichert&#8220;, sagte Stefan Zimkeit nach der Sitzung des Haushaltsausschusses im D\u00fcsseldorfer Landtag. Auf Antrag der SPD und der Gr\u00fcnen wurde beschlossen, die notwendigen Mittel auch 2018 zur Verf\u00fcgung zu stellen. NRW war hier eingesprungen, nachdem sich der Bund aus der Finanzierung der Stellen zur\u00fcckgezogen hat.<\/p>\n<p>Stefan Zimkeit: &#8222;Ich bin weiterhin der Auffassung, dass Berlin die Sozialarbeit an den Schulen finanzieren muss. Diese Diskussion darf aber nicht auf dem R\u00fccken der Sch\u00fclerinnen und Sch\u00fcler ausgetragen werden. Deshalb werden wir die daf\u00fcr Landesmittel zur Verf\u00fcgung stellen&#8220;, erl\u00e4uterte der haushaltspolitische Sprecher der SPD-Fraktion. &#8222;Die Grundschulen Oberhausen werden zudem mit mehr Geld f\u00fcr die wichtige Arbeit im offenen Ganztag rechnen k\u00f6nnen.&#8220;<!--more--><\/p>\n<p>Ein weiterer Schwerpunkt der Haushaltsbeschl\u00fcsse ist die Erh\u00f6hung der Mittel f\u00fcr die Jugendarbeit um neun Prozent.<\/p>\n<p>&#8222;Damit st\u00e4rken wir auch auch bei uns die Einrichtungen und Angebote f\u00fcr junge Menschen&#8220;, so Zimkeit. Das zus\u00e4tzliche Geld k\u00f6nne dabei helfen, das f\u00fcr Osterfeld geplante neue Jugendzentrum mit einem attraktiven Angebot zu realisieren.<\/p>\n<p>16 Millionen Euro in 2017 und 30 Millionen Euro in 2018 wird NRW f\u00fcr die Einrichtung eines sozialen Arbeitsmarktes bereitstellen. &#8222;Ziel ist es, sozialversicherungspflichtige Arbeitspl\u00e4tze f\u00fcr Langzeitarbeitslose zu schaffen, die sonst keine Chance auf einen Job haben&#8220;, sagte der SPD-Abgeordnete.<\/p>\n<p>Insgesamt setze der Haushalt 2017 die richtigen Schwerpunkte f\u00fcr NRW. &#8222;Mehr Investitionen f\u00fcr Bildung, zus\u00e4tzliche Mittel f\u00fcr Kinder und Jugendliche und eine Rekordzuweisung f\u00fcr die St\u00e4dte sind wichtige Zukunftsinvestitionen&#8220;, so Stefan Zimkeit. Dabei werde die Neuverschuldung gleichzeitig weiter abgesenkt.<\/p>\n","protected":false},"excerpt":{"rendered":"<p>&#8222;Die Schulsozialarbeit in Oberhausen ist auch f\u00fcr 2018 gesichert&#8220;, sagte Stefan Zimkeit nach der Sitzung des Haushaltsausschusses im D\u00fcsseldorfer Landtag. Auf Antrag der SPD und der Gr\u00fcnen wurde beschlossen, die&hellip; <\/p>\n","protected":false},"author":1,"featured_media":0,"comment_status":"closed","ping_status":"closed","sticky":false,"template":"","format":"standard","meta":{"footnotes":""},"categories":[216,2],"tags":[1059,1060,1061,5,565,1058,431,1062,1509,123,740,1027],"quellen":[331],"class_list":["post-3697","post","type-post","status-publish","format-standard","hentry","category-land","category-schule","tag-jugendarbeit","tag-jugendeinrichtungen","tag-jugendzentrum-osterfeld","tag-landesfoerderung","tag-landeshaushalt","tag-landeshaushalt-2017","tag-langzeitarbeitslosigkeit","tag-lanzeitarbeitslose","tag-offener-ganztag-ogs","tag-schulsozialarbeit","tag-sozialer-arbeitsmarkt","tag-zukunftsinvestitionen","quellen-mdl-stefan-zimkeit"],"_links":{"self":[{"href":"https:\/\/meier-gerdingh.de\/wp-spd-ob\/wp-json\/wp\/v2\/posts\/3697","targetHints":{"allow":["GET"]}}],"collection":[{"href":"https:\/\/meier-gerdingh.de\/wp-spd-ob\/wp-json\/wp\/v2\/posts"}],"about":[{"href":"https:\/\/meier-gerdingh.de\/wp-spd-ob\/wp-json\/wp\/v2\/types\/post"}],"author":[{"embeddable":true,"href":"https:\/\/meier-gerdingh.de\/wp-spd-ob\/wp-json\/wp\/v2\/users\/1"}],"replies":[{"embeddable":true,"href":"https:\/\/meier-gerdingh.de\/wp-spd-ob\/wp-json\/wp\/v2\/comments?post=3697"}],"version-history":[{"count":0,"href":"https:\/\/meier-gerdingh.de\/wp-spd-ob\/wp-json\/wp\/v2\/posts\/3697\/revisions"}],"wp:attachment":[{"href":"https:\/\/meier-gerdingh.de\/wp-spd-ob\/wp-json\/wp\/v2\/media?parent=3697"}],"wp:term":[{"taxonomy":"category","embeddable":true,"href":"https:\/\/meier-gerdingh.de\/wp-spd-ob\/wp-json\/wp\/v2\/categories?post=3697"},{"taxonomy":"post_tag","embeddable":true,"href":"https:\/\/meier-gerdingh.de\/wp-spd-ob\/wp-json\/wp\/v2\/tags?post=3697"},{"taxonomy":"quellen","embeddable":true,"href":"https:\/\/meier-gerdingh.de\/wp-spd-ob\/wp-json\/wp\/v2\/quellen?post=3697"}],"curies":[{"name":"wp","href":"https:\/\/api.w.org\/{rel}","templated":true}]}}