{"id":372,"date":"2004-09-01T16:00:00","date_gmt":"2004-09-01T14:00:00","guid":{"rendered":"http:\/\/www.meier-gerdingh.de\/spd-oberhausen\/wp\/?p=372"},"modified":"2017-05-14T13:33:55","modified_gmt":"2017-05-14T11:33:55","slug":"umgestaltung-hat-vorbildfunktion-im-ruhrgebiet","status":"publish","type":"post","link":"https:\/\/meier-gerdingh.de\/wp-spd-ob\/2004\/09\/01\/umgestaltung-hat-vorbildfunktion-im-ruhrgebiet\/","title":{"rendered":"Umgestaltung hat Vorbildfunktion im Ruhrgebiet"},"content":{"rendered":"<div style=\"width: 210px\" class=\"wp-caption alignleft\"><a href=\"http:\/\/meier-gerdingh.de\/wp-spd-ob\/wp-content\/uploads\/spd_muelheim_knappenviertel.jpg\"><img decoding=\"async\" class=\"size-full\" src=\"http:\/\/meier-gerdingh.de\/wp-spd-ob\/wp-content\/uploads\/spd_muelheim_knappenviertel.jpg\" alt=\"Im Knappenviertel: M\u00fclheims Oberb\u00fcrgermeisterin Dagmar M\u00fchlenfeld, Frank Motschull, OB-Kandidat Klaus Wehling und der M\u00fclheimer SPD-Fraktionsvorsitzende Dieter Wiechering\" width=\"200\" height=\"145\" \/><\/a><p class=\"wp-caption-text\">Im Knappenviertel: M\u00fclheims Oberb\u00fcrgermeisterin Dagmar M\u00fchlenfeld, Frank Motschull, OB-Kandidat Klaus Wehling und der M\u00fclheimer SPD-Fraktionsvorsitzende Dieter Wiechering<\/p><\/div>\n<p>Von den Erfahrungen der beispielhaften Stadtteilarbeit im Knappenviertel k\u00f6nne auch M\u00fclheim profitieren. Dieses Fazit zog die M\u00fclheimer Oberb\u00fcrgermeisterin Dagmar M\u00fchlenfeld bei einem Besuch des Stadtteilb\u00fcros im Knappenviertel. Klaus Wehling, Oberb\u00fcrgermeisterkandidat der SPD, hatte \u00fcber die erfolgreiche Arbeit des Stadtteilprojektes berichtet, an der er als Vorsitzender des Beirates aktiv beteiligt war.<!--more--><\/p>\n<p>Die M\u00fclheimer und die Oberhausener SPD hatten beschlossen, ihren Erfahrungsaustausch und ihre Zusammenarbeit zu intensivieren. In diesem Zusammenhang besuchte eine Delegation aus M\u00fclheim, der auch der Vorsitzende der Ratsfraktion Dieter Wiechering angeh\u00f6rte, das B\u00fcrgerzentrum &#8222;Alte Heid&#8220;.<\/p>\n<p>Klaus Wehling erl\u00e4uterte, dass der zentrale Punkt des Erfolges von Stadtteilprojekten die intensive Beteiligung der B\u00fcrgerinnen und B\u00fcrger sei. Dieses sei im Knappenviertel gelungen. Neben konkreten positiven Ver\u00e4nderungen im Stadtteil, wie die Versch\u00f6nerung von Schulh\u00f6fen und die Erneuerung von Fassaden, hob Wehling insbesondere die langfristigen Wirkungen hervor, die \u00fcber den eigentlichen Projektzeitraum hinausreichen.<\/p>\n<p>Dies seien vor allem die Gr\u00fcndung der Knappeninitiative, die viele Stadtteilaktivit\u00e4ten selbstst\u00e4ndig fortsetzt, und eine erhebliche Verst\u00e4rkung privater Investitionen im Stadtteil. Besonders lobte Wehling das Engagement von Betrieben aus dem Knappenviertel f\u00fcr mehr Ausbildungspl\u00e4tze, das im Rahmen des Projektes stark gewachsen sei.<\/p>\n<p>Frank Motschull, sozialpolitischer Sprecher der SPD-Ratfraktion, unterstrich, dass die SPD sich intensiv an dem Projekt beteiligt hat, insbesondere indem sie Vorschl\u00e4ge und Anregungen von B\u00fcrgerinnen und B\u00fcrger gesammelt und in das Projekt eingebracht hat.<\/p>\n<p>Insgesamt seien ca. 20 Millionen Euro in das Knappenviertel investiert worden. Durch die positiven Erfahrungen aus dem Stadtteilprojekt hat, so Klaus Wehling, die Stadtteilarbeit in Oberhausen einen neuen Stellenwert erhalten. So w\u00fcrden mit dem Stadtteilprojekt Lirich und dem Masterplan f\u00fcr die Oberhausener Innenstadt nicht nur zwei weitere wichtige Projekte in Oberhausen umgesetzt, sondern die soziale Arbeit der Stadt insgesamt profitiere von den Erfahrungen aus dem Knappenviertel.<\/p>\n<p>Die Delegation aus M\u00fclheim zeigte sich beeindruckt vom Projekt und k\u00fcndigte an zu pr\u00fcfen, wie auch M\u00fclheim von der Ergebnissen profitieren k\u00f6nne. Dagmar M\u00fchlenfeld unterstrich, dass der Informationsaustausch zwischen M\u00fclheim und Oberhausen und daraus abgeleitet eine intensive Zusammenarbeit f\u00fcr die M\u00fclheimer SPD einen hohen Stellenwert hat. Zur Fortsetzung des Dialoges lud sie Klaus Wehling und die Oberhausener SPD zu einem Besuch in M\u00fclheim ein. Klaus Wehling nahm die Einladung gerne an und erkl\u00e4rte, dass die enge Zusammenarbeit mit den Nachbarst\u00e4dten f\u00fcr ihn von gro\u00dfer Bedeutung sei.<\/p>\n","protected":false},"excerpt":{"rendered":"<p>Von den Erfahrungen der beispielhaften Stadtteilarbeit im Knappenviertel k\u00f6nne auch M\u00fclheim profitieren. Dieses Fazit zog die M\u00fclheimer Oberb\u00fcrgermeisterin Dagmar M\u00fchlenfeld bei einem Besuch des Stadtteilb\u00fcros im Knappenviertel. Klaus Wehling, Oberb\u00fcrgermeisterkandidat&hellip; <\/p>\n","protected":false},"author":1,"featured_media":0,"comment_status":"closed","ping_status":"closed","sticky":false,"template":"","format":"standard","meta":{"footnotes":""},"categories":[1],"tags":[],"quellen":[],"class_list":["post-372","post","type-post","status-publish","format-standard","hentry","category-allgemein"],"_links":{"self":[{"href":"https:\/\/meier-gerdingh.de\/wp-spd-ob\/wp-json\/wp\/v2\/posts\/372","targetHints":{"allow":["GET"]}}],"collection":[{"href":"https:\/\/meier-gerdingh.de\/wp-spd-ob\/wp-json\/wp\/v2\/posts"}],"about":[{"href":"https:\/\/meier-gerdingh.de\/wp-spd-ob\/wp-json\/wp\/v2\/types\/post"}],"author":[{"embeddable":true,"href":"https:\/\/meier-gerdingh.de\/wp-spd-ob\/wp-json\/wp\/v2\/users\/1"}],"replies":[{"embeddable":true,"href":"https:\/\/meier-gerdingh.de\/wp-spd-ob\/wp-json\/wp\/v2\/comments?post=372"}],"version-history":[{"count":0,"href":"https:\/\/meier-gerdingh.de\/wp-spd-ob\/wp-json\/wp\/v2\/posts\/372\/revisions"}],"wp:attachment":[{"href":"https:\/\/meier-gerdingh.de\/wp-spd-ob\/wp-json\/wp\/v2\/media?parent=372"}],"wp:term":[{"taxonomy":"category","embeddable":true,"href":"https:\/\/meier-gerdingh.de\/wp-spd-ob\/wp-json\/wp\/v2\/categories?post=372"},{"taxonomy":"post_tag","embeddable":true,"href":"https:\/\/meier-gerdingh.de\/wp-spd-ob\/wp-json\/wp\/v2\/tags?post=372"},{"taxonomy":"quellen","embeddable":true,"href":"https:\/\/meier-gerdingh.de\/wp-spd-ob\/wp-json\/wp\/v2\/quellen?post=372"}],"curies":[{"name":"wp","href":"https:\/\/api.w.org\/{rel}","templated":true}]}}