{"id":373,"date":"2004-09-06T16:00:00","date_gmt":"2004-09-06T14:00:00","guid":{"rendered":"http:\/\/www.meier-gerdingh.de\/spd-oberhausen\/wp\/?p=373"},"modified":"2017-05-14T13:33:47","modified_gmt":"2017-05-14T11:33:47","slug":"albert-schweitzer-schule-startet-gemeinsamen-unterricht","status":"publish","type":"post","link":"https:\/\/meier-gerdingh.de\/wp-spd-ob\/2004\/09\/06\/albert-schweitzer-schule-startet-gemeinsamen-unterricht\/","title":{"rendered":"Albert-Schweitzer-Schule startet &#8222;gemeinsamen Unterricht&#8220;"},"content":{"rendered":"<div style=\"width: 150px\" class=\"wp-caption alignleft\"><a href=\"http:\/\/meier-gerdingh.de\/wp-spd-ob\/wp-content\/uploads\/zimkeit_stefan.jpg\"><img decoding=\"async\" class=\"size-full\" src=\"http:\/\/meier-gerdingh.de\/wp-spd-ob\/wp-content\/uploads\/zimkeit_stefan.jpg\" alt=\"Stefan Zimkeit: Schulpolitischer Sprecher und stellvertretender Vorsitzender der SPD-Fraktion\" width=\"140\" height=\"191\" \/><\/a><p class=\"wp-caption-text\">Stefan Zimkeit: Schulpolitischer Sprecher und stellvertretender Vorsitzender der SPD-Fraktion<\/p><\/div>\n<p>Der hohe Stellenwert der Bildungspolitik in Oberhausen zeigt sich insbesondere am Tackenberg. Dieses Fazit zog das zust\u00e4ndige SPD-Ratsmitglied Stefan Zimkeit nach Schulbesuchen an der Albert-Schweitzer-Schule und der Theodor-Heuss-Realschule. An der Albert-Schweitzer-Schule informierte sich die SPD vor Beginn des neuen Schuljahres \u00fcber den Start des &#8222;Gemeinsamen Unterrichts&#8220;. An der Hauptschule werden zuk\u00fcnftig behinderte und nicht behinderte Kinder gemeinsam unterrichtet, wobei die behinderten Sch\u00fclerinnen und Sch\u00fcler von einer Sonderp\u00e4dagogin besonders gef\u00f6rdert werden.<!--more--><\/p>\n<p>Stefan Zimkeit bedankte sich namens der SPD ausdr\u00fccklich f\u00fcr die Bereitschaft, als erste weiterf\u00fchrende Schule in Oberhausen den gemeinsamen Unterricht anzubieten, und sagte der Schule Unterst\u00fctzung bei notwendigen Ausstattungsw\u00fcnschen zu. Der Schulleiter Hubert Kathage bedankte sich f\u00fcr das Interesse und zeigte sich \u00fcberzeugt, dass alle Sch\u00fclerinnen und Sch\u00fcler von der zus\u00e4tzlichen F\u00f6rderung durch das Projekt profitieren werden.<\/p>\n<p>Stefan Zimkeit, schulpolitischer Sprecher der SPD-Ratsfraktion, unterstrich, dass sich die positive Entwicklung der Oberhausener Schulpolitik gerade am Tackenberg zeige: Neben den Ma\u00dfnahmen an der Albert-Schweitzer-Schule und der Theodor-Heuss-Realschule werde dies unter anderem an den zwei offenen Ganztagsgrundschulen, die mit dem neuen Schuljahr starten, der Schulsozialarbeit an den Tackenberger Grundschulen und der vorbildlichen Sprachf\u00f6rderung &#8211; zum Beispiel durch den Kindergarten der Arbeiterwohlfahrt &#8211; deutlich.<\/p>\n<p>&#8222;Bildungspolitik genie\u00dft f\u00fcr uns Sozialdemokraten Priorit\u00e4t. Wir wollen, dass die Bildungschancen unserer Kinder nicht vom Geldbeutel der Eltern abh\u00e4ngen. Deshalb ist es mir als Ratsmitglied f\u00fcr Klosterhardt-Nord besonders wichtig, hier am Tackenberg einen Schwerpunkt bei der F\u00f6rderung von Sch\u00fclerinnen und Sch\u00fclern zu setzen&#8220;, erl\u00e4uterte Stefan Zimkeit abschlie\u00dfend.<\/p>\n","protected":false},"excerpt":{"rendered":"<p>Der hohe Stellenwert der Bildungspolitik in Oberhausen zeigt sich insbesondere am Tackenberg. Dieses Fazit zog das zust\u00e4ndige SPD-Ratsmitglied Stefan Zimkeit nach Schulbesuchen an der Albert-Schweitzer-Schule und der Theodor-Heuss-Realschule. An der&hellip; <\/p>\n","protected":false},"author":1,"featured_media":0,"comment_status":"closed","ping_status":"closed","sticky":false,"template":"","format":"standard","meta":{"footnotes":""},"categories":[1],"tags":[],"quellen":[],"class_list":["post-373","post","type-post","status-publish","format-standard","hentry","category-allgemein"],"_links":{"self":[{"href":"https:\/\/meier-gerdingh.de\/wp-spd-ob\/wp-json\/wp\/v2\/posts\/373","targetHints":{"allow":["GET"]}}],"collection":[{"href":"https:\/\/meier-gerdingh.de\/wp-spd-ob\/wp-json\/wp\/v2\/posts"}],"about":[{"href":"https:\/\/meier-gerdingh.de\/wp-spd-ob\/wp-json\/wp\/v2\/types\/post"}],"author":[{"embeddable":true,"href":"https:\/\/meier-gerdingh.de\/wp-spd-ob\/wp-json\/wp\/v2\/users\/1"}],"replies":[{"embeddable":true,"href":"https:\/\/meier-gerdingh.de\/wp-spd-ob\/wp-json\/wp\/v2\/comments?post=373"}],"version-history":[{"count":0,"href":"https:\/\/meier-gerdingh.de\/wp-spd-ob\/wp-json\/wp\/v2\/posts\/373\/revisions"}],"wp:attachment":[{"href":"https:\/\/meier-gerdingh.de\/wp-spd-ob\/wp-json\/wp\/v2\/media?parent=373"}],"wp:term":[{"taxonomy":"category","embeddable":true,"href":"https:\/\/meier-gerdingh.de\/wp-spd-ob\/wp-json\/wp\/v2\/categories?post=373"},{"taxonomy":"post_tag","embeddable":true,"href":"https:\/\/meier-gerdingh.de\/wp-spd-ob\/wp-json\/wp\/v2\/tags?post=373"},{"taxonomy":"quellen","embeddable":true,"href":"https:\/\/meier-gerdingh.de\/wp-spd-ob\/wp-json\/wp\/v2\/quellen?post=373"}],"curies":[{"name":"wp","href":"https:\/\/api.w.org\/{rel}","templated":true}]}}