{"id":380,"date":"2004-09-16T16:00:00","date_gmt":"2004-09-16T14:00:00","guid":{"rendered":"http:\/\/www.meier-gerdingh.de\/spd-oberhausen\/wp\/?p=380"},"modified":"2017-05-14T13:32:27","modified_gmt":"2017-05-14T11:32:27","slug":"erfahrungsaustausch-organisieren","status":"publish","type":"post","link":"https:\/\/meier-gerdingh.de\/wp-spd-ob\/2004\/09\/16\/erfahrungsaustausch-organisieren\/","title":{"rendered":"Erfahrungsaustausch organisieren"},"content":{"rendered":"<div style=\"width: 150px\" class=\"wp-caption alignleft\"><a href=\"http:\/\/meier-gerdingh.de\/wp-spd-ob\/wp-content\/uploads\/grosse_broemer_wolfgang.jpg\"><img decoding=\"async\" class=\"size-full\" src=\"http:\/\/meier-gerdingh.de\/wp-spd-ob\/wp-content\/uploads\/grosse_broemer_wolfgang.jpg\" alt=\"Wolfgang Gro\u00dfe Br\u00f6mer ist Vorsitzender der SPD-Fraktion und Mitglied des Landtags von Nordrhein-Westfalen\" width=\"140\" height=\"191\" \/><\/a><p class=\"wp-caption-text\">Wolfgang Gro\u00dfe Br\u00f6mer ist Vorsitzender der SPD-Fraktion und Mitglied des Landtags von Nordrhein-Westfalen<\/p><\/div>\n<p>Mit 664 Sch\u00fclerinnen und Sch\u00fclern an 17 Grundschulen ist das Projekt &#8222;Offene Ganztagsschule&#8220; in Oberhausen in das zweite Schuljahr gestartet. Damit sind in diesem Jahr 14 neue Schulen hinzugekommen. Aus Sicht des SPD-Fraktionsvorsitzenden Wolfgang Gro\u00dfe Br\u00f6mer zeigt diese Nachfrage, dass es richtig war, dieses Angebot in Oberhausen zu forcieren. Schon die Erfahrungen der ersten drei offenen Ganztagsschulen h\u00e4tten gezeigt, dass die offene Ganztagsgrundschule nicht nur die Betreuungssituation f\u00fcr die Eltern verbessere, sondern auch positive Auswirkungen auf die schulische Situation der Kinder habe.<!--more--><\/p>\n<p>Stefan Zimkeit, schulpolitischer Sprecher der SPD Fraktion, bedankte sich bei den Schulen, den Tr\u00e4gern der Jugendarbeit und der Schulverwaltung f\u00fcr das Engagement, ohne das der Ausbau dieses wichtigen Angebotes nicht m\u00f6glich gewesen w\u00e4re. Besonders beeindruckt zeigte er sich von der Vielf\u00e4ltigkeit der F\u00f6rder- und Freizeitangebote im Ganztagsbereich und von der breiten Beteiligung von Tr\u00e4gern der Jugendarbeit an den Angeboten.<\/p>\n<p>Insgesamt w\u00fcrden in diesem Schuljahr fast 850.000 Euro in den Betrieb der Ganztagsschule flie\u00dfen. Gleichzeitig kritisierte Zimkeit die Bezirksregierung f\u00fcr die versp\u00e4tete Freigabe der Investitionsmittel, mit denen neue R\u00e4umlichkeiten und die Ausstattung f\u00fcr die Ganztagsangebote finanziert werden. Hierdurch sei es zu Verz\u00f6gerungen gekommen, die den Schulen den Start in das neue Projekt unn\u00f6tig erschwert haben. Immerhin handelt es sich um eine Investitionssumme von \u00fcber 2,7 Millionen Euro in diesem Jahr. Er forderte die Schulverwaltung auf, die notwendigen Ma\u00dfnahmen nun umgehend umzusetzen.<\/p>\n<p>Als wichtigen Hinweis aus Gespr\u00e4chen zum Schuljahresbeginn nahmen die Vertreter der SPD mit, dass es ein gro\u00dfes Bed\u00fcrfnis nach einem Erfahrungsaustausch zwischen den am Projekt beteiligten Schulen und freien Tr\u00e4gern gibt. Daher k\u00fcndigte die SPD an, die Schulverwaltung aufzufordern, einen solchen Austausch auf den Weg zu bringen. Mit der AWO als Partner zweier Schulen mit Ganztagsangeboten habe sich auch schon ein Tr\u00e4ger bereit erkl\u00e4rt, die Organisation eines solchen Austausches zu unterst\u00fctzen.<\/p>\n<p>Der Austausch \u00fcber Probleme, aber vor allem auch \u00fcber positive Beispiele im Ganztagsbereich, k\u00f6nne, so Gro\u00dfe Br\u00f6mer, sicher zu einer weiteren Steigerung der Qualit\u00e4t der Angebote f\u00fchren. Dies w\u00e4re auch eine gute Voraussetzung f\u00fcr den weiteren Ausbau dieses Angebotes, den die SPD ausdr\u00fccklich bef\u00fcrworte.<\/p>\n","protected":false},"excerpt":{"rendered":"<p>Mit 664 Sch\u00fclerinnen und Sch\u00fclern an 17 Grundschulen ist das Projekt &#8222;Offene Ganztagsschule&#8220; in Oberhausen in das zweite Schuljahr gestartet. Damit sind in diesem Jahr 14 neue Schulen hinzugekommen. Aus&hellip; <\/p>\n","protected":false},"author":1,"featured_media":0,"comment_status":"closed","ping_status":"closed","sticky":false,"template":"","format":"standard","meta":{"footnotes":""},"categories":[1],"tags":[],"quellen":[],"class_list":["post-380","post","type-post","status-publish","format-standard","hentry","category-allgemein"],"_links":{"self":[{"href":"https:\/\/meier-gerdingh.de\/wp-spd-ob\/wp-json\/wp\/v2\/posts\/380","targetHints":{"allow":["GET"]}}],"collection":[{"href":"https:\/\/meier-gerdingh.de\/wp-spd-ob\/wp-json\/wp\/v2\/posts"}],"about":[{"href":"https:\/\/meier-gerdingh.de\/wp-spd-ob\/wp-json\/wp\/v2\/types\/post"}],"author":[{"embeddable":true,"href":"https:\/\/meier-gerdingh.de\/wp-spd-ob\/wp-json\/wp\/v2\/users\/1"}],"replies":[{"embeddable":true,"href":"https:\/\/meier-gerdingh.de\/wp-spd-ob\/wp-json\/wp\/v2\/comments?post=380"}],"version-history":[{"count":0,"href":"https:\/\/meier-gerdingh.de\/wp-spd-ob\/wp-json\/wp\/v2\/posts\/380\/revisions"}],"wp:attachment":[{"href":"https:\/\/meier-gerdingh.de\/wp-spd-ob\/wp-json\/wp\/v2\/media?parent=380"}],"wp:term":[{"taxonomy":"category","embeddable":true,"href":"https:\/\/meier-gerdingh.de\/wp-spd-ob\/wp-json\/wp\/v2\/categories?post=380"},{"taxonomy":"post_tag","embeddable":true,"href":"https:\/\/meier-gerdingh.de\/wp-spd-ob\/wp-json\/wp\/v2\/tags?post=380"},{"taxonomy":"quellen","embeddable":true,"href":"https:\/\/meier-gerdingh.de\/wp-spd-ob\/wp-json\/wp\/v2\/quellen?post=380"}],"curies":[{"name":"wp","href":"https:\/\/api.w.org\/{rel}","templated":true}]}}