{"id":382,"date":"2004-09-22T16:00:00","date_gmt":"2004-09-22T14:00:00","guid":{"rendered":"http:\/\/www.meier-gerdingh.de\/spd-oberhausen\/wp\/?p=382"},"modified":"2017-05-14T13:31:29","modified_gmt":"2017-05-14T11:31:29","slug":"wir-kaempfen-fuer-die-interessen-unserer-stadt","status":"publish","type":"post","link":"https:\/\/meier-gerdingh.de\/wp-spd-ob\/2004\/09\/22\/wir-kaempfen-fuer-die-interessen-unserer-stadt\/","title":{"rendered":"&#8222;Wir k\u00e4mpfen f\u00fcr die Interessen unserer Stadt!&#8220;"},"content":{"rendered":"<div style=\"width: 150px\" class=\"wp-caption alignleft\"><a href=\"http:\/\/meier-gerdingh.de\/wp-spd-ob\/wp-content\/uploads\/hartmut_schmidt.jpg\"><img decoding=\"async\" class=\"size-full\" src=\"http:\/\/meier-gerdingh.de\/wp-spd-ob\/wp-content\/uploads\/hartmut_schmidt.jpg\" alt=\"Oberhausens SPD-Vorsitzender Hartmut Schmidt\" width=\"140\" height=\"192\" \/><\/a><p class=\"wp-caption-text\">Oberhausens SPD-Vorsitzender Hartmut Schmidt<\/p><\/div>\n<p>Die Oberhausener SPD unterst\u00fctzt den Kurs von Oberb\u00fcrgermeister Burkhard Drescher und der Verwaltung in Bezug auf die CentrO-Erweiterung ausdr\u00fccklich. &#8222;Wir danken dem Oberb\u00fcrgermeister sowie seinen Mitarbeiterinnen und Mitarbeitern, dass sie engagiert und zielorientiert gegen die neidgeleiteten Widerst\u00e4nde aus D\u00fcsseldorf f\u00fcr die Interessen unserer Stadt k\u00e4mpfen&#8220;, so der SPD-Unterbezirksvorsitzende Hartmut Schmidt. &#8222;Es kann und darf nicht sein, dass Fehleinsch\u00e4tzungen und Missgunst der Nachbarst\u00e4dte, dass obrigkeitsstaatlicher Dirigismus und Realit\u00e4tsferne der Kommunalaufsicht das erfolgreichste Modell f\u00fcr einen gelungenen Strukturwandel im gesamten Regierungsbezirk g\u00e4ngeln und in seiner Entwicklung behindern.&#8220;<!--more--><\/p>\n<p>Dagegen werden sich die Oberhausener Sozialdemokraten nach Schmidts Worten mit allen zur Verf\u00fcgung stehenden Mitteln zur Wehr setzen.<\/p>\n<p>In diesem Zusammenhang dankte der SPD-Chef den anderen Ratsfraktionen f\u00fcr ihre geschlossene Unterst\u00fctzung dieses Kurses. &#8222;Ich bin sehr froh, dass das Wohl der Stadt f\u00fcr ihre B\u00fcrgerinnen und B\u00fcrger im Mittelpunkt der Diskussion steht. Es sollte dem Regierungspr\u00e4sidenten zu denken geben, dass die geschlossene Ablehnung aller Ratsfraktionen gegen die emp\u00f6renden Versuche der Einflussnahme aus D\u00fcsseldorf selbst in Wahlkampfzeiten sach- und themenorientiert erfolgt.&#8220;<\/p>\n<p>Kein Verst\u00e4ndnis zeigt Schmidt f\u00fcr das Verhalten des gr\u00fcnen NRW-St\u00e4dtebauministers Michael Vesper: &#8222;Er soll sich st\u00e4rker an den positiven Auswirkungen des CentrO f\u00fcr die gesamte Region orientieren und seine Aussage, dass die Stadt Oberhausen mit Wildwest-Methoden die Erweiterung vorantreibe, \u00fcberdenken und vielmehr als Mitglied der Landesregierung gegen die versuchte N\u00f6tigung von Stadtverordneten durch den Regierungspr\u00e4sidenten vorgehen.&#8220;<\/p>\n","protected":false},"excerpt":{"rendered":"<p>Die Oberhausener SPD unterst\u00fctzt den Kurs von Oberb\u00fcrgermeister Burkhard Drescher und der Verwaltung in Bezug auf die CentrO-Erweiterung ausdr\u00fccklich. &#8222;Wir danken dem Oberb\u00fcrgermeister sowie seinen Mitarbeiterinnen und Mitarbeitern, dass sie&hellip; <\/p>\n","protected":false},"author":1,"featured_media":0,"comment_status":"closed","ping_status":"closed","sticky":false,"template":"","format":"standard","meta":{"footnotes":""},"categories":[1],"tags":[],"quellen":[],"class_list":["post-382","post","type-post","status-publish","format-standard","hentry","category-allgemein"],"_links":{"self":[{"href":"https:\/\/meier-gerdingh.de\/wp-spd-ob\/wp-json\/wp\/v2\/posts\/382","targetHints":{"allow":["GET"]}}],"collection":[{"href":"https:\/\/meier-gerdingh.de\/wp-spd-ob\/wp-json\/wp\/v2\/posts"}],"about":[{"href":"https:\/\/meier-gerdingh.de\/wp-spd-ob\/wp-json\/wp\/v2\/types\/post"}],"author":[{"embeddable":true,"href":"https:\/\/meier-gerdingh.de\/wp-spd-ob\/wp-json\/wp\/v2\/users\/1"}],"replies":[{"embeddable":true,"href":"https:\/\/meier-gerdingh.de\/wp-spd-ob\/wp-json\/wp\/v2\/comments?post=382"}],"version-history":[{"count":0,"href":"https:\/\/meier-gerdingh.de\/wp-spd-ob\/wp-json\/wp\/v2\/posts\/382\/revisions"}],"wp:attachment":[{"href":"https:\/\/meier-gerdingh.de\/wp-spd-ob\/wp-json\/wp\/v2\/media?parent=382"}],"wp:term":[{"taxonomy":"category","embeddable":true,"href":"https:\/\/meier-gerdingh.de\/wp-spd-ob\/wp-json\/wp\/v2\/categories?post=382"},{"taxonomy":"post_tag","embeddable":true,"href":"https:\/\/meier-gerdingh.de\/wp-spd-ob\/wp-json\/wp\/v2\/tags?post=382"},{"taxonomy":"quellen","embeddable":true,"href":"https:\/\/meier-gerdingh.de\/wp-spd-ob\/wp-json\/wp\/v2\/quellen?post=382"}],"curies":[{"name":"wp","href":"https:\/\/api.w.org\/{rel}","templated":true}]}}