{"id":384,"date":"2004-09-23T16:00:00","date_gmt":"2004-09-23T14:00:00","guid":{"rendered":"http:\/\/www.meier-gerdingh.de\/spd-oberhausen\/wp\/?p=384"},"modified":"2017-05-14T13:31:21","modified_gmt":"2017-05-14T11:31:21","slug":"kommunalpolitik-ist-auch-frauensache","status":"publish","type":"post","link":"https:\/\/meier-gerdingh.de\/wp-spd-ob\/2004\/09\/23\/kommunalpolitik-ist-auch-frauensache\/","title":{"rendered":"Kommunalpolitik ist (auch) Frauensache!"},"content":{"rendered":"<div style=\"width: 210px\" class=\"wp-caption alignleft\"><a href=\"http:\/\/meier-gerdingh.de\/wp-spd-ob\/wp-content\/uploads\/asf_veranstaltung_kandidatinnen.jpg\"><img decoding=\"async\" class=\"size-full\" src=\"http:\/\/meier-gerdingh.de\/wp-spd-ob\/wp-content\/uploads\/asf_veranstaltung_kandidatinnen.jpg\" alt=\"Von links: Astrid Schr\u00f6der, Elia Albrecht-Mainz und die ASF-Vorsitzende Liesel Mels\" width=\"200\" height=\"161\" \/><\/a><p class=\"wp-caption-text\">Von links: Astrid Schr\u00f6der, Elia Albrecht-Mainz und die ASF-Vorsitzende Liesel Mels<\/p><\/div>\n<p>Deshalb stellten sich die Oberhausener SPD-Kandidatinnen am Montag im &#8222;Hostel Veritas&#8220; interessierten Frauen vor. Eingeladen dazu hatte die Arbeitsgemeinschaft sozialdemokratischer Frauen, kurz ASF. Neben ganz pers\u00f6nlichen Themen wie der Frage &#8222;Wie bringt eine berufst\u00e4tige Mutter mit politischem Engagement alles unter einen Hut?&#8220; berichteten die Kandidatinnen auch von Themen aus ihren Wahlkreisen, von ihren politischen Highlights und den Dingen, die sie in den n\u00e4chsten 5 Jahren gerne ver\u00e4ndern oder umsetzen m\u00f6chten. Und das mit so viel Engagement und Spa\u00df, dass die anwesenden Frauen ganz gebannt zuh\u00f6rten.<!--more--><\/p>\n<p>Die Vielfalt der Themen zeigt, dass die SPD-Frauen sich dabei keineswegs auf die klassischen Frauenthemen beschr\u00e4nken, sondern das ganze Spektrum der Kommunalpolitik vertreten: Umweltfragen, Kommunalfinanzen, Centro-Erweiterung, Betreuungsangebote f\u00fcr Kinder, Angebote f\u00fcr Jugendliche und \u00e4ltere Menschen, Wirtschaftsf\u00f6rderung, Sterkrader Tor, Masterplan Innenstadt, Ripshorster Br\u00fccke, all das nur eine Auswahl an Themen, die angesprochen wurden.<\/p>\n<p>Alles, was sich um das Planen &#8211; Bauen &#8211; Wohnen dreht, interessiert viele Kandidatinnen ganz besonders, sie w\u00fcrden daran gerne verst\u00e4rkt mitarbeiten, bisher ist dies eher eine M\u00e4nnerdom\u00e4ne. Aber das kann sich ja zuk\u00fcnftig \u00e4ndern.<\/p>\n<p>Es gab noch einen Wunsch: &#8222;Eine SPD-B\u00fcrgermeisterin&#8220; w\u00fcnsche ich mir, so die ASF-Vorsitzende Liesel Mels, damit wir endlich mehr Frauen in Spitzenpositionen haben.<\/p>\n<p>Bei Schmalzstullen und einem Glas Bier (meistens aber Wasser!) hatten die anwesenden Frauen anschlie\u00dfend Gelegenheit, ihre Fragen loszuwerden und die Kandidatinnen n\u00e4her kennen zu lernen.<\/p>\n<p>Fest steht, diese Frauen machen gerne Politik, das war ganz deutlich zu sp\u00fcren. Ein spannender, informativer und zugleich unterhaltsamer Abend in netter Umgebung.<\/p>\n<p>Bei der Kommunalwahl am 26.9.04 bewerben sich 10 SPD-Frauen in verschiedenen Wahlbezirken:<\/p>\n<p>Elia Albrecht-Mainz \/ Sterkrade-Mitte-S\u00fcd<br \/>\nBeatriks Brands \/ Weierheide<br \/>\nHelga Grothe \/ Rothebusch<br \/>\nWalburga Grunauer \/ Borbeck<br \/>\nAnne Jan\u00dfen \/ Sterkrader Heide<br \/>\nAngelika J\u00e4ntsch \/ Stadtmitte-Nord<br \/>\nElke Kemper \/ Schmachtendorf<br \/>\nMargit Klein \/ D\u00fcmpten<br \/>\nKirsten Oberste-Kleinbeck \/ Alstaden-Nord<br \/>\nUrsula Wingens \/ Sterkrade-Nord<\/p>\n","protected":false},"excerpt":{"rendered":"<p>Deshalb stellten sich die Oberhausener SPD-Kandidatinnen am Montag im &#8222;Hostel Veritas&#8220; interessierten Frauen vor. Eingeladen dazu hatte die Arbeitsgemeinschaft sozialdemokratischer Frauen, kurz ASF. Neben ganz pers\u00f6nlichen Themen wie der Frage&hellip; <\/p>\n","protected":false},"author":1,"featured_media":0,"comment_status":"closed","ping_status":"closed","sticky":false,"template":"","format":"standard","meta":{"footnotes":""},"categories":[1],"tags":[],"quellen":[],"class_list":["post-384","post","type-post","status-publish","format-standard","hentry","category-allgemein"],"_links":{"self":[{"href":"https:\/\/meier-gerdingh.de\/wp-spd-ob\/wp-json\/wp\/v2\/posts\/384","targetHints":{"allow":["GET"]}}],"collection":[{"href":"https:\/\/meier-gerdingh.de\/wp-spd-ob\/wp-json\/wp\/v2\/posts"}],"about":[{"href":"https:\/\/meier-gerdingh.de\/wp-spd-ob\/wp-json\/wp\/v2\/types\/post"}],"author":[{"embeddable":true,"href":"https:\/\/meier-gerdingh.de\/wp-spd-ob\/wp-json\/wp\/v2\/users\/1"}],"replies":[{"embeddable":true,"href":"https:\/\/meier-gerdingh.de\/wp-spd-ob\/wp-json\/wp\/v2\/comments?post=384"}],"version-history":[{"count":0,"href":"https:\/\/meier-gerdingh.de\/wp-spd-ob\/wp-json\/wp\/v2\/posts\/384\/revisions"}],"wp:attachment":[{"href":"https:\/\/meier-gerdingh.de\/wp-spd-ob\/wp-json\/wp\/v2\/media?parent=384"}],"wp:term":[{"taxonomy":"category","embeddable":true,"href":"https:\/\/meier-gerdingh.de\/wp-spd-ob\/wp-json\/wp\/v2\/categories?post=384"},{"taxonomy":"post_tag","embeddable":true,"href":"https:\/\/meier-gerdingh.de\/wp-spd-ob\/wp-json\/wp\/v2\/tags?post=384"},{"taxonomy":"quellen","embeddable":true,"href":"https:\/\/meier-gerdingh.de\/wp-spd-ob\/wp-json\/wp\/v2\/quellen?post=384"}],"curies":[{"name":"wp","href":"https:\/\/api.w.org\/{rel}","templated":true}]}}