{"id":3852,"date":"2016-12-05T16:38:31","date_gmt":"2016-12-05T15:38:31","guid":{"rendered":"http:\/\/meier-gerdingh.de\/wp-spd-ob\/?p=3852"},"modified":"2017-01-04T16:38:47","modified_gmt":"2017-01-04T15:38:47","slug":"am-5-dezember-gilt-der-dank-allen-freiwilligen","status":"publish","type":"post","link":"https:\/\/meier-gerdingh.de\/wp-spd-ob\/2016\/12\/05\/am-5-dezember-gilt-der-dank-allen-freiwilligen\/","title":{"rendered":"Am 5. Dezember gilt der Dank allen Freiwilligen"},"content":{"rendered":"<p><a href=\"http:\/\/meier-gerdingh.de\/wp-spd-ob\/wp-content\/uploads\/2017\/01\/banner_internationaler_tag_ehrenamt_2016.png\"><img decoding=\"async\" class=\"aligncenter size-full wp-image-3851\" src=\"http:\/\/meier-gerdingh.de\/wp-spd-ob\/wp-content\/uploads\/2017\/01\/banner_internationaler_tag_ehrenamt_2016.png\" alt=\"banner_internationaler_tag_ehrenamt_2016\" width=\"600\" height=\"181\" srcset=\"https:\/\/meier-gerdingh.de\/wp-spd-ob\/wp-content\/uploads\/2017\/01\/banner_internationaler_tag_ehrenamt_2016.png 600w, https:\/\/meier-gerdingh.de\/wp-spd-ob\/wp-content\/uploads\/2017\/01\/banner_internationaler_tag_ehrenamt_2016-300x91.png 300w\" sizes=\"(max-width: 600px) 100vw, 600px\" \/><\/a>Freiwilliges Engagement ist ein Grundpfeiler demokratischer Gesellschaften. &#8222;Anl\u00e4sslich des Internationalen Tages des Ehrenamtes am 5. Dezember gilt der ausdr\u00fcckliche Dank daher all denjenigen, die mit ihrem uneigenn\u00fctzigen Einsatz den sozialen und solidarischen Charakter des Zusammenlebens pr\u00e4gen.&#8220;, betont Dirk V\u00f6pel, Bundestagsabgeordneter f\u00fcr Oberhausen und Dinslaken.<!--more--><\/p>\n<p>Um die Grundlagen B\u00fcrgerschaftlichen Engagements stets zu verbessern, tritt die SPD unerm\u00fcdlich f\u00fcr entsprechende Investitionen ein. Zum Beispiel stehen dem Bundesprogramm des Familienministeriums &#8222;Demokratie leben!&#8220; im kommenden Jahr 100 Millionen Euro zur Verf\u00fcgung.<\/p>\n<p>Dirk V\u00f6pel weiter: &#8222;Neben den Dankesworten signalisieren wir den Menschen, die sich ehrenamtlich engagieren, dass wir ihre Arbeit wertsch\u00e4tzen und ernstnehmen.&#8220; Eine solide Basis verl\u00e4sslicher Strukturen habe das Ehrenamt nicht nur n\u00f6tig, sondern mehr als verdient.<\/p>\n<p>&#8222;Menschen, die sich engagieren, identifizieren sich mit ihrer Umgebung, setzen sich f\u00fcr etwas ein, von dem sie \u00fcberzeugt sind und helfen unmittelbar dort, wo Hilfe gebraucht wird.&#8220;, so V\u00f6pel abschlie\u00dfend.<\/p>\n","protected":false},"excerpt":{"rendered":"<p>Freiwilliges Engagement ist ein Grundpfeiler demokratischer Gesellschaften. &#8222;Anl\u00e4sslich des Internationalen Tages des Ehrenamtes am 5. Dezember gilt der ausdr\u00fcckliche Dank daher all denjenigen, die mit ihrem uneigenn\u00fctzigen Einsatz den sozialen&hellip; <\/p>\n","protected":false},"author":1,"featured_media":0,"comment_status":"closed","ping_status":"closed","sticky":false,"template":"","format":"standard","meta":{"footnotes":""},"categories":[596],"tags":[543,1079,598,588,597],"quellen":[330],"class_list":["post-3852","post","type-post","status-publish","format-standard","hentry","category-ehrenamtliches-engagement","tag-bundesfoerderung","tag-bundesprogramm-demokratie-leben","tag-buergerschaftliches-engagement","tag-ehrenamt","tag-internationaler-tag-des-ehrenamtes","quellen-mdb-dirk-voepel"],"_links":{"self":[{"href":"https:\/\/meier-gerdingh.de\/wp-spd-ob\/wp-json\/wp\/v2\/posts\/3852","targetHints":{"allow":["GET"]}}],"collection":[{"href":"https:\/\/meier-gerdingh.de\/wp-spd-ob\/wp-json\/wp\/v2\/posts"}],"about":[{"href":"https:\/\/meier-gerdingh.de\/wp-spd-ob\/wp-json\/wp\/v2\/types\/post"}],"author":[{"embeddable":true,"href":"https:\/\/meier-gerdingh.de\/wp-spd-ob\/wp-json\/wp\/v2\/users\/1"}],"replies":[{"embeddable":true,"href":"https:\/\/meier-gerdingh.de\/wp-spd-ob\/wp-json\/wp\/v2\/comments?post=3852"}],"version-history":[{"count":0,"href":"https:\/\/meier-gerdingh.de\/wp-spd-ob\/wp-json\/wp\/v2\/posts\/3852\/revisions"}],"wp:attachment":[{"href":"https:\/\/meier-gerdingh.de\/wp-spd-ob\/wp-json\/wp\/v2\/media?parent=3852"}],"wp:term":[{"taxonomy":"category","embeddable":true,"href":"https:\/\/meier-gerdingh.de\/wp-spd-ob\/wp-json\/wp\/v2\/categories?post=3852"},{"taxonomy":"post_tag","embeddable":true,"href":"https:\/\/meier-gerdingh.de\/wp-spd-ob\/wp-json\/wp\/v2\/tags?post=3852"},{"taxonomy":"quellen","embeddable":true,"href":"https:\/\/meier-gerdingh.de\/wp-spd-ob\/wp-json\/wp\/v2\/quellen?post=3852"}],"curies":[{"name":"wp","href":"https:\/\/api.w.org\/{rel}","templated":true}]}}