{"id":3853,"date":"2017-01-04T18:27:42","date_gmt":"2017-01-04T17:27:42","guid":{"rendered":"http:\/\/meier-gerdingh.de\/wp-spd-ob\/?p=3853"},"modified":"2017-01-16T18:22:26","modified_gmt":"2017-01-16T17:22:26","slug":"oberhausener-spd-laedt-am-10-01-2017-zum-zweiten-oeffentlichen-forum-stadtentwicklung-ein","status":"publish","type":"post","link":"https:\/\/meier-gerdingh.de\/wp-spd-ob\/2017\/01\/04\/oberhausener-spd-laedt-am-10-01-2017-zum-zweiten-oeffentlichen-forum-stadtentwicklung-ein\/","title":{"rendered":"Oberhausener SPD l\u00e4dt am 10.01.2017 zum zweiten \u00f6ffentlichen Forum Stadtentwicklung ein"},"content":{"rendered":"<p>Das erste Forum f\u00fcr Stadtentwicklung der Oberhausener im August letzten Jahres im Zentrum Altenberg hat allen Beteiligten gro\u00dfen Spa\u00df gemacht und sehr viele konkrete Ideen und Anregungen hervorgebracht. Diese hat die Oberhausener SPD aufgegriffen mit dem Ziel, sie in einem Antrag dem Rat der Stadt Oberhausen vorzulegen.<!--more--> <\/p>\n<p>Die Oberhausener SPD l\u00e4dt f\u00fcr <\/p>\n<p><strong>Dienstag&nbsp;&nbsp;|&nbsp;&nbsp;10. Januar 2017&nbsp;&nbsp;|&nbsp;&nbsp;19.00 Uhr<br \/>\nin die Gastst\u00e4tte &#8222;Klumpen Moritz&#8220;&nbsp;&nbsp;|&nbsp;&nbsp;Bahnhofstra\u00dfe 30&nbsp;&nbsp;|&nbsp;&nbsp;46145 Oberhausen<\/strong><\/p>\n<p>zum <strong>zweiten B\u00fcrger-Forum Stadtentwicklung<\/strong> ein.<\/p>\n<p>An diesem Abend werden Themen-Tische zu konkreten Vorhaben f\u00fcr Alt-Oberhausen, Sterkrade und Osterfeld aufgebaut. <\/p>\n<p>Folgende <strong>Leitfragen<\/strong> stehen im Raum:<\/p>\n<div class=\"spd-ob-agenda\">\n<ol>\n<li>Gr\u00fcnfl\u00e4chen- und Radwege-Konzept f\u00fcr Oberhausen<\/li>\n<li>Aufwertung der Marktstra\u00dfe<\/li>\n<li>Der Hauptbahnhof soll Aush\u00e4ngeschild der Stadt werden<\/li>\n<li>In Osterfeld die Fu\u00dfg\u00e4ngerzone attraktiver machen und einen gastronomischen Schwerpunkt setzen<\/li>\n<\/ol>\n<\/div>\n<p>Interessierte Oberhausener B\u00fcrgerinnen und B\u00fcrger sind eingeladen, mitzudiskutieren und uns ihre Vorstellungen mitzuteilen, die konkret umgesetzt werden sollen. <\/p>\n<p>Wir w\u00fcrden uns freuen, Sie am 10. Januar im &#8222;Klumpen Moritz&#8220; begr\u00fc\u00dfen k\u00f6nnen.<\/p>\n","protected":false},"excerpt":{"rendered":"<p>Das erste Forum f\u00fcr Stadtentwicklung der Oberhausener im August letzten Jahres im Zentrum Altenberg hat allen Beteiligten gro\u00dfen Spa\u00df gemacht und sehr viele konkrete Ideen und Anregungen hervorgebracht. Diese hat&hellip; <\/p>\n","protected":false},"author":1,"featured_media":0,"comment_status":"closed","ping_status":"closed","sticky":false,"template":"","format":"standard","meta":{"footnotes":""},"categories":[16,171],"tags":[65,832,1080,1083,1082,41,1081,46],"quellen":[327],"class_list":["post-3853","post","type-post","status-publish","format-standard","hentry","category-stadtentwicklung","category-veranstaltungen","tag-alt-oberhausen","tag-forum-stadtentwicklung","tag-gruenflaechen-konzept","tag-hauptbahnhof","tag-marktstrasse","tag-osterfeld","tag-radwege-konzept","tag-sterkrade","quellen-spd-unterbezirk-oberhausen"],"_links":{"self":[{"href":"https:\/\/meier-gerdingh.de\/wp-spd-ob\/wp-json\/wp\/v2\/posts\/3853","targetHints":{"allow":["GET"]}}],"collection":[{"href":"https:\/\/meier-gerdingh.de\/wp-spd-ob\/wp-json\/wp\/v2\/posts"}],"about":[{"href":"https:\/\/meier-gerdingh.de\/wp-spd-ob\/wp-json\/wp\/v2\/types\/post"}],"author":[{"embeddable":true,"href":"https:\/\/meier-gerdingh.de\/wp-spd-ob\/wp-json\/wp\/v2\/users\/1"}],"replies":[{"embeddable":true,"href":"https:\/\/meier-gerdingh.de\/wp-spd-ob\/wp-json\/wp\/v2\/comments?post=3853"}],"version-history":[{"count":0,"href":"https:\/\/meier-gerdingh.de\/wp-spd-ob\/wp-json\/wp\/v2\/posts\/3853\/revisions"}],"wp:attachment":[{"href":"https:\/\/meier-gerdingh.de\/wp-spd-ob\/wp-json\/wp\/v2\/media?parent=3853"}],"wp:term":[{"taxonomy":"category","embeddable":true,"href":"https:\/\/meier-gerdingh.de\/wp-spd-ob\/wp-json\/wp\/v2\/categories?post=3853"},{"taxonomy":"post_tag","embeddable":true,"href":"https:\/\/meier-gerdingh.de\/wp-spd-ob\/wp-json\/wp\/v2\/tags?post=3853"},{"taxonomy":"quellen","embeddable":true,"href":"https:\/\/meier-gerdingh.de\/wp-spd-ob\/wp-json\/wp\/v2\/quellen?post=3853"}],"curies":[{"name":"wp","href":"https:\/\/api.w.org\/{rel}","templated":true}]}}