{"id":3888,"date":"2017-01-11T17:11:39","date_gmt":"2017-01-11T16:11:39","guid":{"rendered":"http:\/\/meier-gerdingh.de\/wp-spd-ob\/?p=3888"},"modified":"2017-01-13T17:13:34","modified_gmt":"2017-01-13T16:13:34","slug":"dritte-oeffentliche-veranstaltung-des-forum-stadtentwicklung-der-oberhausener-spd-mit-60-teilnehmern","status":"publish","type":"post","link":"https:\/\/meier-gerdingh.de\/wp-spd-ob\/2017\/01\/11\/dritte-oeffentliche-veranstaltung-des-forum-stadtentwicklung-der-oberhausener-spd-mit-60-teilnehmern\/","title":{"rendered":"Dritte \u00f6ffentliche Veranstaltung des &#8222;Forum Stadtentwicklung&#8220; der Oberhausener SPD mit 60 Teilnehmern"},"content":{"rendered":"<p><a href=\"http:\/\/meier-gerdingh.de\/wp-spd-ob\/wp-content\/uploads\/2017\/01\/forum_stadtentwicklung_17_01_10_1200.jpg\"><img decoding=\"async\" src=\"http:\/\/meier-gerdingh.de\/wp-spd-ob\/wp-content\/uploads\/2017\/01\/forum_stadtentwicklung_17_01_10.jpg\" alt=\"forum_stadtentwicklung_17_01_10\" width=\"720\" height=\"244\" class=\"aligncenter size-full wp-image-3889\" srcset=\"https:\/\/meier-gerdingh.de\/wp-spd-ob\/wp-content\/uploads\/2017\/01\/forum_stadtentwicklung_17_01_10.jpg 720w, https:\/\/meier-gerdingh.de\/wp-spd-ob\/wp-content\/uploads\/2017\/01\/forum_stadtentwicklung_17_01_10-300x102.jpg 300w\" sizes=\"(max-width: 720px) 100vw, 720px\" \/><\/a>Politik ist f\u00fcr viele Menschen weit weg, weswegen sich immer weniger Menschen hieran beteiligen wollen. Erfreulich ist, dass es dem Forum Stadtentwicklung der Oberhausener SPD bereits zum dritten Mal gelungen ist, diese Behauptung zu wiederlegen. Nach einem sehr erfolgreichen Forum Mitte vergangenen Jahres fand am Dienstag dieser Woche ein weiteres \u00f6ffentliches Forum statt, wo konkrete Ideen f\u00fcr die drei Oberhausener Stadtteile Alt-Oberhausen, Sterkrade und Osterfeld erarbeitet wurden.<!--more--><\/p>\n<p>Die Teilnahme von 60 Personen, darunter viele parteiungebundene B\u00fcrgerinnen und B\u00fcrger und das direkt zu Beginn eines neuen Jahres, machte eindrucksvoll deutlich, dass die Oberhausenerinnen und Oberhausener an der Entwicklung ihrer Stadt aktiv teilhaben wollen!<\/p>\n<p>Der Vorsitzende der Oberhausener SPD, Dirk V\u00f6pel, und die Leiterin des Forums Stadtentwicklung, Anja Schr\u00f6er, stellten zu Beginn der Veranstaltung ein Papier zur Stadtentwicklung in Oberhausen vor, das aus den Ergebnissen der ersten Foren erarbeitet wurde und welches sowohl Projekte und Ideen von gesamtst\u00e4dtischem Belang als auch Ideen f\u00fcr die einzelnen Stadtbezirke enthielt. Im Anschluss wurden drei Thementische gebildet, wo die Ideen f\u00fcr die drei Oberhausener Stadtbezirke Alt-Oberhausen, Sterkrade und Osterfeld diskutiert sowie neue entwickelt wurden.<\/p>\n<h3 class=\"spd-ob-crossheading\">Alt-Oberhausen<\/h3>\n<p>Die Aufwertung der Innenstadt, insbesondere der Marktstra\u00dfe und eine soziale Stadtentwicklung waren die Hauptthemen am Tisch &#8222;Alt-Oberhausen&#8220;. Das soll durch die Schaffung eines &#8222;Beirates f\u00fcr die Marktstra\u00dfe&#8220; sowie die Ansiedlung von Jungem Wohnen und Generationenh\u00e4usern zur F\u00f6rderung einer sozialen Durchmischung erreicht werden. <\/p>\n<p>Ebenfalls diskutiert wurde \u00fcber eine k\u00fcnftige Nutzung des ehemaligen JVA-Gel\u00e4ndes und des ehemaligen Kaufhofes sowie eine bessere Anbindung des Hauptbahnhofes an die Oberhausener Innenstadt. Dereinst sollen Ausw\u00e4rtige, die am Oberhausener Hauptbahnhof ankommen, durch attraktive Ausg\u00e4nge und einen ansprechenden Vorplatz direkt in die Oberhausener Innenstadt geleitet werden. <\/p>\n<h3 class=\"spd-ob-crossheading\">Sterkrade<\/h3>\n<p>Auf besonderes Interesse stie\u00dfen am &#8222;Sterkrader Tisch&#8220; die Entwicklung des Gel\u00e4ndes der ehemaligen Zeche Sterkrade, der Umbau des Bahnhofes in Sterkrade, die Entwicklung des Gel\u00e4ndes der nationalen Kohlereserve sowie die Aufwertung der Sterkrader Fu\u00dfg\u00e4ngerzone.<\/p>\n<h3 class=\"spd-ob-crossheading\">Osterfeld<\/h3>\n<p>Viele kleine wie konkrete Projekte wurden am &#8222;Osterfelder Tisch&#8220; zusammen getragen: ein Fahrrad-Hotel, ein Kultur-Wochenende, Generationenwohnen, die Schaffung eines Fahrradweges auf der Flachglasstrecke, eine Aufwertung der Au\u00dfengastronomie in der Osterfelder City sowie eine andere Bepflanzung. Der Markt solle k\u00fcnftig auf dem Marktplatz und nicht vor den Gesch\u00e4ften in der Gildenstra\u00dfe stattfinden. Durch eine st\u00e4rkere Pflege der Alleen, der Gr\u00fcnstreifen und der Baumscheiben soll Osterfeld aufgeh\u00fcbscht werden. Dar\u00fcber hinaus wurde der Wunsch nach einer Polizeiwache mit festen Pr\u00e4senzzeiten gefordert.<\/p>\n<h3 class=\"spd-ob-crossheading\">Ziel des Forums<\/h3>\n<p>Die Ideen, die im Rahmen des Forums erarbeitet wurden, sollen in die Leitlinien Stadtentwicklung der Oberhausener SPD aufgenommen und im Rahmen eines Antrages in den Rat der Stadt Oberhausen eingebracht werden.<\/p>\n","protected":false},"excerpt":{"rendered":"<p>Politik ist f\u00fcr viele Menschen weit weg, weswegen sich immer weniger Menschen hieran beteiligen wollen. Erfreulich ist, dass es dem Forum Stadtentwicklung der Oberhausener SPD bereits zum dritten Mal gelungen&hellip; <\/p>\n","protected":false},"author":1,"featured_media":0,"comment_status":"closed","ping_status":"closed","sticky":false,"template":"","format":"standard","meta":{"footnotes":""},"categories":[16,167],"tags":[65,480,1095,1090,1092,832,1094,1083,359,1093,1091,719,1082,41,1089,46,441],"quellen":[327],"class_list":["post-3888","post","type-post","status-publish","format-standard","hentry","category-stadtentwicklung","category-stadtteile","tag-alt-oberhausen","tag-bahnhof-sterkrade","tag-bahnhofsvorplatz","tag-beirat-fuer-die-marktstrasse","tag-fahrradwege","tag-forum-stadtentwicklung","tag-gildenstrasse","tag-hauptbahnhof","tag-innenstadt-alt-oberhausen","tag-innenstadt-osterfeld","tag-jva-gelaende","tag-kaufhof-gebaeude","tag-marktstrasse","tag-osterfeld","tag-stadtbezirke","tag-sterkrade","tag-zeche-sterkrade","quellen-spd-unterbezirk-oberhausen"],"_links":{"self":[{"href":"https:\/\/meier-gerdingh.de\/wp-spd-ob\/wp-json\/wp\/v2\/posts\/3888","targetHints":{"allow":["GET"]}}],"collection":[{"href":"https:\/\/meier-gerdingh.de\/wp-spd-ob\/wp-json\/wp\/v2\/posts"}],"about":[{"href":"https:\/\/meier-gerdingh.de\/wp-spd-ob\/wp-json\/wp\/v2\/types\/post"}],"author":[{"embeddable":true,"href":"https:\/\/meier-gerdingh.de\/wp-spd-ob\/wp-json\/wp\/v2\/users\/1"}],"replies":[{"embeddable":true,"href":"https:\/\/meier-gerdingh.de\/wp-spd-ob\/wp-json\/wp\/v2\/comments?post=3888"}],"version-history":[{"count":0,"href":"https:\/\/meier-gerdingh.de\/wp-spd-ob\/wp-json\/wp\/v2\/posts\/3888\/revisions"}],"wp:attachment":[{"href":"https:\/\/meier-gerdingh.de\/wp-spd-ob\/wp-json\/wp\/v2\/media?parent=3888"}],"wp:term":[{"taxonomy":"category","embeddable":true,"href":"https:\/\/meier-gerdingh.de\/wp-spd-ob\/wp-json\/wp\/v2\/categories?post=3888"},{"taxonomy":"post_tag","embeddable":true,"href":"https:\/\/meier-gerdingh.de\/wp-spd-ob\/wp-json\/wp\/v2\/tags?post=3888"},{"taxonomy":"quellen","embeddable":true,"href":"https:\/\/meier-gerdingh.de\/wp-spd-ob\/wp-json\/wp\/v2\/quellen?post=3888"}],"curies":[{"name":"wp","href":"https:\/\/api.w.org\/{rel}","templated":true}]}}