{"id":389,"date":"2004-10-11T16:00:00","date_gmt":"2004-10-11T14:00:00","guid":{"rendered":"http:\/\/www.meier-gerdingh.de\/spd-oberhausen\/wp\/?p=389"},"modified":"2017-05-14T13:30:24","modified_gmt":"2017-05-14T11:30:24","slug":"karstadt-manager-lenken-ab","status":"publish","type":"post","link":"https:\/\/meier-gerdingh.de\/wp-spd-ob\/2004\/10\/11\/karstadt-manager-lenken-ab\/","title":{"rendered":"Karstadt-Manager lenken ab"},"content":{"rendered":"<div style=\"width: 150px\" class=\"wp-caption alignleft\"><a href=\"http:\/\/meier-gerdingh.de\/wp-spd-ob\/wp-content\/uploads\/grosse_broemer_wolfgang.jpg\"><img decoding=\"async\" class=\"size-full\" src=\"http:\/\/meier-gerdingh.de\/wp-spd-ob\/wp-content\/uploads\/grosse_broemer_wolfgang.jpg\" alt=\"Wolfgang Gro\u00dfe Br\u00f6mer ist Vorsitzender der SPD-Fraktion und Mitglied des Landtags von NRW\" width=\"140\" height=\"191\" \/><\/a><p class=\"wp-caption-text\">Wolfgang Gro\u00dfe Br\u00f6mer ist Vorsitzender der SPD-Fraktion und Mitglied des Landtags von NRW<\/p><\/div>\n<p>Die Karstadt-Manager sollten sich mit ihren eigenen Fehlern auseinandersetzen und f\u00fcr den Erhalt der Arbeitspl\u00e4tze im Konzern sorgen, statt die Stadt Oberhausen zu kritisieren. So reagierte der SPD-Ratsfraktionsvorsitzende Wolfgang Gro\u00dfe Br\u00f6mer auf Kritik von Karstadt an der Erweiterung des Centros. Dies gelte insbesondere, da Karstadt selbst ein gro\u00dfes neues Einzelhandelsprojekt in Essen plane. Mit solchen \u00c4u\u00dferungen solle augenscheinlich vom Versagen der Karstadtf\u00fchrung, das zu der aktuellen Krise des Konzerns gef\u00fchrt hat, abgelenkt werden.<!--more--><\/p>\n<p>Besonders irritiert zeigte sich Gro\u00dfe Br\u00f6mer \u00fcber die Unterst\u00fctzung der Karstadt\u00e4u\u00dferungen durch die CDU-Politikerin und Direktorin des Regionalverband Ruhr Christa Thoben. Es sei Aufgabe von Frau Thoben die Interessen des gesamten Ruhrgebiets zu vertreten und nicht einseitig Position gegen Oberhausen zu ergreifen. Zudem sei es fahrl\u00e4ssig, sich an der Ablenkungsstrategie des Karstadt-Konzerns zu beteiligen.<\/p>\n<p>Nach Ansicht von Wolfgang Gro\u00dfe Br\u00f6mer sollte Frau Thoben sich im Interesse des Ruhrgebiets einmal mit Einzelhandelsprojekten au\u00dferhalb des Reviers kritisch auseinander setzen. So plane die Stadt D\u00fcsseldorf neue Verkaufsfl\u00e4chen von \u00fcber 50.000 Quadratmetern allein mit dem Projekt &#8222;Bilker Arkaden&#8220;. Im Interesse des Ruhrgebiets sei es vielmehr, einmal zu diskutieren, warum Projekte im Ruhrgebiet, insbesondere durch die Bezirksregierung, verhindert werden sollen, aber die massive Ausweitung von Verkaufsfl\u00e4chen in D\u00fcsseldorf selbstverst\u00e4ndlich zu sein scheint.<\/p>\n<p>Die Erweiterung des Centros liege nicht nur im Interesse der Stadt Oberhausen, sondern des Ruhrgebietes, so Gro\u00dfe Br\u00f6mer weiter. Er hofft, dass es nach der Konstituierung des Regionalverbandes Ruhrgebiet dar\u00fcber eine vorurteilsfreie Diskussion mit den Nachbarst\u00e4dten geben kann. Die Oberhausener SPD bleibe bei ihrer Position, zu einem solchen Dialog bereit zu sein, wenn er sich nicht einseitig gegen die Interessen von Oberhausen richte.<\/p>\n","protected":false},"excerpt":{"rendered":"<p>Die Karstadt-Manager sollten sich mit ihren eigenen Fehlern auseinandersetzen und f\u00fcr den Erhalt der Arbeitspl\u00e4tze im Konzern sorgen, statt die Stadt Oberhausen zu kritisieren. So reagierte der SPD-Ratsfraktionsvorsitzende Wolfgang Gro\u00dfe&hellip; <\/p>\n","protected":false},"author":1,"featured_media":0,"comment_status":"closed","ping_status":"closed","sticky":false,"template":"","format":"standard","meta":{"footnotes":""},"categories":[1],"tags":[],"quellen":[],"class_list":["post-389","post","type-post","status-publish","format-standard","hentry","category-allgemein"],"_links":{"self":[{"href":"https:\/\/meier-gerdingh.de\/wp-spd-ob\/wp-json\/wp\/v2\/posts\/389","targetHints":{"allow":["GET"]}}],"collection":[{"href":"https:\/\/meier-gerdingh.de\/wp-spd-ob\/wp-json\/wp\/v2\/posts"}],"about":[{"href":"https:\/\/meier-gerdingh.de\/wp-spd-ob\/wp-json\/wp\/v2\/types\/post"}],"author":[{"embeddable":true,"href":"https:\/\/meier-gerdingh.de\/wp-spd-ob\/wp-json\/wp\/v2\/users\/1"}],"replies":[{"embeddable":true,"href":"https:\/\/meier-gerdingh.de\/wp-spd-ob\/wp-json\/wp\/v2\/comments?post=389"}],"version-history":[{"count":0,"href":"https:\/\/meier-gerdingh.de\/wp-spd-ob\/wp-json\/wp\/v2\/posts\/389\/revisions"}],"wp:attachment":[{"href":"https:\/\/meier-gerdingh.de\/wp-spd-ob\/wp-json\/wp\/v2\/media?parent=389"}],"wp:term":[{"taxonomy":"category","embeddable":true,"href":"https:\/\/meier-gerdingh.de\/wp-spd-ob\/wp-json\/wp\/v2\/categories?post=389"},{"taxonomy":"post_tag","embeddable":true,"href":"https:\/\/meier-gerdingh.de\/wp-spd-ob\/wp-json\/wp\/v2\/tags?post=389"},{"taxonomy":"quellen","embeddable":true,"href":"https:\/\/meier-gerdingh.de\/wp-spd-ob\/wp-json\/wp\/v2\/quellen?post=389"}],"curies":[{"name":"wp","href":"https:\/\/api.w.org\/{rel}","templated":true}]}}