{"id":3914,"date":"2017-01-19T14:19:36","date_gmt":"2017-01-19T13:19:36","guid":{"rendered":"http:\/\/meier-gerdingh.de\/wp-spd-ob\/?p=3914"},"modified":"2017-01-21T14:26:17","modified_gmt":"2017-01-21T13:26:17","slug":"ein-meilenstein-fuer-den-eisenbahnverkehr","status":"publish","type":"post","link":"https:\/\/meier-gerdingh.de\/wp-spd-ob\/2017\/01\/19\/ein-meilenstein-fuer-den-eisenbahnverkehr\/","title":{"rendered":"Ein Meilenstein f\u00fcr den Eisenbahnverkehr"},"content":{"rendered":"<div id=\"attachment_1707\" style=\"width: 150px\" class=\"wp-caption alignleft\"><a href=\"http:\/\/meier-gerdingh.de\/wp-spd-ob\/wp-content\/uploads\/zimkeit_stefan_12.jpg\"><img aria-describedby=\"caption-attachment-1707\" decoding=\"async\" class=\"size-full wp-image-1707\" src=\"http:\/\/meier-gerdingh.de\/wp-spd-ob\/wp-content\/uploads\/zimkeit_stefan_12.jpg\" alt=\"Stefan Zimkeit ist Mitglied des Landtags von Nordrhein-Westfalen und finanzpolitischer Sprecher der SPD-Landtagsfraktion\" width=\"140\" height=\"169\" \/><\/a><p id=\"caption-attachment-1707\" class=\"wp-caption-text\">Stefan Zimkeit ist Mitglied des Landtags von Nordrhein-Westfalen und finanzpolitischer Sprecher der SPD-Landtagsfraktion<\/p><\/div>\n<p>Stefan Zimkeit (SPD) nennt den Spatenstich f\u00fcr den Betuwe-Ausbau in Oberhausen einen &#8222;Meilenstein&#8220; f\u00fcr den Eisenbahnverkehr. &#8222;Der Bau ist seit vielen Jahren \u00fcberf\u00e4llig&#8220;, beklagt der Sterkrader Landtagsabgeordnete die lange Unt\u00e4tigkeit des Bundes. &#8222;Erst das Engagement von NRW-Verkehrsminister Groschek und Finanzminister Walter-Borjans, der eine Vorfinanzierung auch des Bundesanteils zugesagt hat, macht den Baubeginn m\u00f6glich.&#8220;<!--more--><\/p>\n<p>Wichtige Fragen seien zum Spatenstich leider immer noch ungekl\u00e4rt, kritisiert Zimkeit. &#8222;Dazu geh\u00f6ren die optische Gestaltung des f\u00fcr die Anwohner so dringenden L\u00e4rmschutzes genauso wie wichtige Details des Sicherheitskonzeptes.&#8220; Der Abgeordnete fordert zudem die Bahn auf, die Planung f\u00fcr den Bahnhof Sterkrade zu \u00e4ndern. &#8222;Die Tunnelverbindung zu den Bahnsteigen muss so gebaut werden, dass dort keine dunklen Angstr\u00e4ume entstehen.&#8220;<\/p>\n<p>Den Start der viele Jahre dauernden Betuwe-Bauarbeiten sieht Stefan Zimkeit nicht ohne Bef\u00fcrchtungen. &#8222;Die Arbeiten werden nicht ohne Einschr\u00e4nkungen f\u00fcr die Bahnkunden ablaufen k\u00f6nnen. Diese m\u00fcssen aber auf ein Minimum reduziert werden.&#8220;<\/p>\n<p>Zimkeit spricht sich daf\u00fcr aus, in Phasen eingleisiger Verkehrsf\u00fchrung s\u00e4mtliche G\u00fcterz\u00fcge und gegebenenfalls auch den ICE \u00fcber Venlo umzuleiten. &#8222;Der Regionalverkehr, f\u00fcr den es keine alternativen Wege gibt, muss Vorrang haben. Mindestens zwei der drei Zugverbindungen zwischen Oberhausen und Wesel m\u00fcssen st\u00e4ndig gew\u00e4hrleistet sein.&#8220;<\/p>\n<p>Stefan Zimkeit, der selbst fast t\u00e4glich die Bahnstrecke nutzt, erwartet langfristig einen deutlich verbesserten Personenverkehr auf der dann dreigleisigen Hollandstrecke. &#8222;Heute bremst der dichte G\u00fcterverkehr viel zu h\u00e4ufig die Regionalbahn- und Regionalexpress-Z\u00fcge aus.&#8220;<\/p>\n","protected":false},"excerpt":{"rendered":"<p>Stefan Zimkeit (SPD) nennt den Spatenstich f\u00fcr den Betuwe-Ausbau in Oberhausen einen &#8222;Meilenstein&#8220; f\u00fcr den Eisenbahnverkehr. &#8222;Der Bau ist seit vielen Jahren \u00fcberf\u00e4llig&#8220;, beklagt der Sterkrader Landtagsabgeordnete die lange Unt\u00e4tigkeit&hellip; <\/p>\n","protected":false},"author":1,"featured_media":0,"comment_status":"closed","ping_status":"closed","sticky":false,"template":"","format":"standard","meta":{"footnotes":""},"categories":[27,29],"tags":[480,129,291,1103,794],"quellen":[331],"class_list":["post-3914","post","type-post","status-publish","format-standard","hentry","category-planen-bauen-wohnen-verkehr","category-umwelt","tag-bahnhof-sterkrade","tag-betuwe-linie","tag-laermschutz","tag-regionalverkehr","tag-sicherheitskonzept-betuwe-linie","quellen-mdl-stefan-zimkeit"],"_links":{"self":[{"href":"https:\/\/meier-gerdingh.de\/wp-spd-ob\/wp-json\/wp\/v2\/posts\/3914","targetHints":{"allow":["GET"]}}],"collection":[{"href":"https:\/\/meier-gerdingh.de\/wp-spd-ob\/wp-json\/wp\/v2\/posts"}],"about":[{"href":"https:\/\/meier-gerdingh.de\/wp-spd-ob\/wp-json\/wp\/v2\/types\/post"}],"author":[{"embeddable":true,"href":"https:\/\/meier-gerdingh.de\/wp-spd-ob\/wp-json\/wp\/v2\/users\/1"}],"replies":[{"embeddable":true,"href":"https:\/\/meier-gerdingh.de\/wp-spd-ob\/wp-json\/wp\/v2\/comments?post=3914"}],"version-history":[{"count":0,"href":"https:\/\/meier-gerdingh.de\/wp-spd-ob\/wp-json\/wp\/v2\/posts\/3914\/revisions"}],"wp:attachment":[{"href":"https:\/\/meier-gerdingh.de\/wp-spd-ob\/wp-json\/wp\/v2\/media?parent=3914"}],"wp:term":[{"taxonomy":"category","embeddable":true,"href":"https:\/\/meier-gerdingh.de\/wp-spd-ob\/wp-json\/wp\/v2\/categories?post=3914"},{"taxonomy":"post_tag","embeddable":true,"href":"https:\/\/meier-gerdingh.de\/wp-spd-ob\/wp-json\/wp\/v2\/tags?post=3914"},{"taxonomy":"quellen","embeddable":true,"href":"https:\/\/meier-gerdingh.de\/wp-spd-ob\/wp-json\/wp\/v2\/quellen?post=3914"}],"curies":[{"name":"wp","href":"https:\/\/api.w.org\/{rel}","templated":true}]}}