{"id":3919,"date":"2017-01-20T14:26:24","date_gmt":"2017-01-20T13:26:24","guid":{"rendered":"http:\/\/meier-gerdingh.de\/wp-spd-ob\/?p=3919"},"modified":"2017-01-21T14:40:58","modified_gmt":"2017-01-21T13:40:58","slug":"was-tun-gegen-hass-und-hetze","status":"publish","type":"post","link":"https:\/\/meier-gerdingh.de\/wp-spd-ob\/2017\/01\/20\/was-tun-gegen-hass-und-hetze\/","title":{"rendered":"Was tun gegen Hass und Hetze?"},"content":{"rendered":"<p><a href=\"http:\/\/meier-gerdingh.de\/wp-spd-ob\/wp-content\/uploads\/2017\/01\/banner-otto-wels-preis-2017.jpg\"><img decoding=\"async\" class=\"aligncenter size-full wp-image-3918\" src=\"http:\/\/meier-gerdingh.de\/wp-spd-ob\/wp-content\/uploads\/2017\/01\/banner-otto-wels-preis-2017.jpg\" alt=\"banner-otto-wels-preis-2017\" width=\"720\" height=\"480\" srcset=\"https:\/\/meier-gerdingh.de\/wp-spd-ob\/wp-content\/uploads\/2017\/01\/banner-otto-wels-preis-2017.jpg 720w, https:\/\/meier-gerdingh.de\/wp-spd-ob\/wp-content\/uploads\/2017\/01\/banner-otto-wels-preis-2017-300x200.jpg 300w\" sizes=\"(max-width: 720px) 100vw, 720px\" \/><\/a><\/p>\n<div id=\"attachment_1681\" style=\"width: 150px\" class=\"wp-caption alignleft\"><a href=\"http:\/\/meier-gerdingh.de\/wp-spd-ob\/wp-content\/uploads\/voepel_dirk_mdb.jpg\"><img aria-describedby=\"caption-attachment-1681\" decoding=\"async\" class=\"size-full wp-image-1681\" src=\"http:\/\/meier-gerdingh.de\/wp-spd-ob\/wp-content\/uploads\/voepel_dirk_mdb.jpg\" alt=\"Dirk V\u00f6pel ist direkt gew\u00e4hlter Bundestagsabgeordneter f\u00fcr Oberhausen und Dinslaken\" width=\"140\" height=\"180\" \/><\/a><p id=\"caption-attachment-1681\" class=\"wp-caption-text\">Dirk V\u00f6pel ist direkt gew\u00e4hlter Bundestagsabgeordneter f\u00fcr Oberhausen und Dinslaken<\/p><\/div>\n<p>Wie der Bundestagsabgeordnete f\u00fcr Oberhausen und Dinslaken Dirk V\u00f6pel mitteilt, verleiht die SPD-Bundestagsfraktion 2017 zum f\u00fcnften Mal den <strong>&#8222;Otto-Wels-Preis f\u00fcr Demokratie&#8220;<\/strong>. Anliegen dieses Preises ist es, die Erinnerung an die Schrecken der Nazi-Herrschaft wachzuhalten und das gesellschaftliche Bewusstsein daf\u00fcr zu sch\u00e4rfen, dass die Grundlagen unserer Demokratie und Rechtsstaatlichkeit sowie des friedlichen Zusammenlebens immer wieder erneuert und gefestigt werden m\u00fcssen.<!--more--><\/p>\n<p>Populistische Str\u00f6mungen, gezielte Falschmeldungen, die Verbreitung von Hass und Hetze in den sozialen Netzwerken \u2013 Ph\u00e4nomene unserer Zeit, die zunehmend das gesellschaftliche Miteinander beeinflussen. Aber wie damit umgehen? Was k\u00f6nnen wir alle tun, um die Demokratie und die demokratische Kultur zu st\u00e4rken? Fragen, die die SPD-Bundestagsfraktion zum Anlass f\u00fcr einen <strong>Kreativwettbewerb f\u00fcr Jugendliche<\/strong> nimmt. Den Gewinnerinnen und Gewinnern winken Geldpreise und eine Einladung nach Berlin.<\/p>\n<p>Solidarit\u00e4t, Respekt vor der Meinung anderer und Achtung der Menschenw\u00fcrde \u2013 all das sind Werte, auf denen das friedliche Zusammenleben in unserer Gesellschaft und die Stabilit\u00e4t unserer Demokratie beruhen. Doch in letzter Zeit scheinen diese Werte im \u00f6ffentlichen Diskurs und im gesellschaftlichen Miteinander immer \u00f6fter in den Hintergrund zu r\u00fccken.<\/p>\n<p>Wie schaffen wir es, den Zusammenhalt und das respektvolle Miteinander in unserer Gesellschaft wieder zu st\u00e4rken \u2013 und warum ist das so wichtig?<\/p>\n<p>Die SPD-Bundestagsfraktion m\u00f6chte im Rahmen des Otto-Wels-Preises f\u00fcr Demokratie 2017 von jungen Menschen erfahren, welche Ideen, Gedanken und Antworten sie auf diese Frage haben. Es geht um unser derzeitiges und zuk\u00fcnftiges Miteinander und um unsere demokratische Kultur. &#8222;Gerade f\u00fcr die junge Generation besteht die Chance, das gesellschaftliche Leben und den Umgang miteinander wesentlich mitzupr\u00e4gen&#8220;, erkl\u00e4rt Dirk V\u00f6pel.<\/p>\n<p>Unter dem Titel <strong>&#8222;Miteinander statt Ausgrenzung&#8220;<\/strong> ruft die SPD-Bundestagsfraktion junge Menschen auf, ihre Ideen und Gedanken dazu in kreativen Beitr\u00e4gen zu verarbeiten.<\/p>\n<p>Der Kreativwettbewerb richtet sich an Jugendliche und junge Erwachsene im <strong>Alter zwischen 16 und 20 Jahren<\/strong>.<\/p>\n<p>Die Jugendlichen k\u00f6nnen beispielsweise eine Kampagne gegen Hass und Hetze in den sozialen Netzwerken entwerfen oder sich mit der Bek\u00e4mpfung von Rechtsextremismus und Rassismus auseinandersetzen. Bei der Umsetzung der Aufgabe k\u00f6nnen <strong>unterschiedliche Darstellungsformen wie Reden, Grafiken oder Videos<\/strong> gew\u00e4hlt werden.<\/p>\n<p>&#8222;Die Gewinnerinnen und Gewinner laden wir im M\u00e4rz zur Preisverleihung nach Berlin ein&#8220;, k\u00fcndigt V\u00f6pel an. F\u00fcr die drei besten Arbeiten winken attraktive Preise.<\/p>\n<p><strong>Einsendeschluss ist der 01. M\u00e4rz 2017<\/strong>.<\/p>\n<p>Nachfolgend k\u00f6nnen <strong>Ausschreibung<\/strong> und <strong>Teilnahmeformular<\/strong> als pdf-Dokumente heruntergeladen werden:<\/p>\n<p><a href=\"http:\/\/meier-gerdingh.de\/wp-spd-ob\/wp-content\/uploads\/2017\/01\/wettbewerbsausschreibung_otto-wels-preis-2017.pdf\" target=\"_blank\">Download &#8222;Ausschreibung Otto-Wels-Preis 2017&#8220;<\/a><br \/><a href=\"http:\/\/meier-gerdingh.de\/wp-spd-ob\/wp-content\/uploads\/2017\/01\/formular_wettbewerb_otto-wels-preis-2017_aktiv.pdf\" target=\"_blank\">Download &#8222;Teilnahmeformular Otto-Wels-Preis 2017&#8220;<\/a><\/p>\n<p><strong>Weitere Informationen<\/strong> gibt es auf <a href=\"http:\/\/www.spdfraktion.de\/themen\/otto-wels-preis-demokratie-2017\" target=\"_blank\">www.spdfraktion.de\/ottowelspreis<\/a><\/p>\n","protected":false},"excerpt":{"rendered":"<p>Wie der Bundestagsabgeordnete f\u00fcr Oberhausen und Dinslaken Dirk V\u00f6pel mitteilt, verleiht die SPD-Bundestagsfraktion 2017 zum f\u00fcnften Mal den &#8222;Otto-Wels-Preis f\u00fcr Demokratie&#8220;. Anliegen dieses Preises ist es, die Erinnerung an die&hellip; <\/p>\n","protected":false},"author":1,"featured_media":0,"comment_status":"closed","ping_status":"closed","sticky":false,"template":"","format":"standard","meta":{"footnotes":""},"categories":[404],"tags":[1105,1104,1106,662,901,84],"quellen":[330],"class_list":["post-3919","post","type-post","status-publish","format-standard","hentry","category-gemeinsam-gegen-rechts","tag-demokratie","tag-hatespeach","tag-meinungsfreiheit","tag-otto-wels-preis","tag-sozialer-zusammenhalt","tag-spd-bundestagsfraktion","quellen-mdb-dirk-voepel"],"_links":{"self":[{"href":"https:\/\/meier-gerdingh.de\/wp-spd-ob\/wp-json\/wp\/v2\/posts\/3919","targetHints":{"allow":["GET"]}}],"collection":[{"href":"https:\/\/meier-gerdingh.de\/wp-spd-ob\/wp-json\/wp\/v2\/posts"}],"about":[{"href":"https:\/\/meier-gerdingh.de\/wp-spd-ob\/wp-json\/wp\/v2\/types\/post"}],"author":[{"embeddable":true,"href":"https:\/\/meier-gerdingh.de\/wp-spd-ob\/wp-json\/wp\/v2\/users\/1"}],"replies":[{"embeddable":true,"href":"https:\/\/meier-gerdingh.de\/wp-spd-ob\/wp-json\/wp\/v2\/comments?post=3919"}],"version-history":[{"count":0,"href":"https:\/\/meier-gerdingh.de\/wp-spd-ob\/wp-json\/wp\/v2\/posts\/3919\/revisions"}],"wp:attachment":[{"href":"https:\/\/meier-gerdingh.de\/wp-spd-ob\/wp-json\/wp\/v2\/media?parent=3919"}],"wp:term":[{"taxonomy":"category","embeddable":true,"href":"https:\/\/meier-gerdingh.de\/wp-spd-ob\/wp-json\/wp\/v2\/categories?post=3919"},{"taxonomy":"post_tag","embeddable":true,"href":"https:\/\/meier-gerdingh.de\/wp-spd-ob\/wp-json\/wp\/v2\/tags?post=3919"},{"taxonomy":"quellen","embeddable":true,"href":"https:\/\/meier-gerdingh.de\/wp-spd-ob\/wp-json\/wp\/v2\/quellen?post=3919"}],"curies":[{"name":"wp","href":"https:\/\/api.w.org\/{rel}","templated":true}]}}