{"id":3927,"date":"2017-01-26T09:01:36","date_gmt":"2017-01-26T08:01:36","guid":{"rendered":"http:\/\/meier-gerdingh.de\/wp-spd-ob\/?p=3927"},"modified":"2017-02-04T16:31:44","modified_gmt":"2017-02-04T15:31:44","slug":"wir-stehen-an-der-seite-der-grossen-mehrheit-der-oberhausenerinnen-und-oberhauser","status":"publish","type":"post","link":"https:\/\/meier-gerdingh.de\/wp-spd-ob\/2017\/01\/26\/wir-stehen-an-der-seite-der-grossen-mehrheit-der-oberhausenerinnen-und-oberhauser\/","title":{"rendered":"Wir stehen an der Seite der gro\u00dfen Mehrheit der Menschen in Oberhausen"},"content":{"rendered":"<p><a href=\"http:\/\/meier-gerdingh.de\/wp-spd-ob\/wp-content\/uploads\/2017\/01\/banner_wilhelm_meinicke-park.jpg\"><img decoding=\"async\" src=\"http:\/\/meier-gerdingh.de\/wp-spd-ob\/wp-content\/uploads\/2017\/01\/banner_wilhelm_meinicke-park.jpg\" alt=\"banner_wilhelm_meinicke-park\" width=\"720\" height=\"184\" class=\"aligncenter size-full wp-image-3924\" srcset=\"https:\/\/meier-gerdingh.de\/wp-spd-ob\/wp-content\/uploads\/2017\/01\/banner_wilhelm_meinicke-park.jpg 720w, https:\/\/meier-gerdingh.de\/wp-spd-ob\/wp-content\/uploads\/2017\/01\/banner_wilhelm_meinicke-park-300x77.jpg 300w\" sizes=\"(max-width: 720px) 100vw, 720px\" \/><\/a><em>Die Oberhausener SPD beteiligt sich an der Gegendemonstration zum AfD-Parteitag. Die SPD-Gesch\u00e4ftsstelle wird \u00f6ffnen und die Teilnehmerinnen und Teilnehmer der Gegendemonstration ab 07.30 Uhr mit hei\u00dfen Getr\u00e4nken versorgen.<\/em><\/p>\n<p>Wir Oberhausener m\u00f6gen unsere Stadt. Deshalb nehmen wir es nicht widerspruchslos hin, dass eine offen rechtsextreme und gegen Minderheiten sowie Andersdenkende hetzende politische Kraft am kommenden Sonntag in unserer Stadt eine Veranstaltung durchf\u00fchren wird.<!--more--><\/p>\n<p>F\u00fcr uns Sozialdemokratinnen und Sozialdemokraten ist es dar\u00fcber hinaus unertr\u00e4glich, dass diese Kraft ausgerechnet in der nach der Sozialdemokratin und ehemaligen Oberb\u00fcrgermeisterin unserer Heimatstadt, Luise Albertz, benannte Stadthalle tagen wird.<\/p>\n<p>Wir, die Oberhausener SPD, begr\u00fc\u00dfen es, dass sich die im <a href=\"https:\/\/igr-ob.de\/\" target=\"_blank\">B\u00fcndnis &#8222;Oberhausen f\u00fcr Demokratie und Toleranz&#8220;<\/a> zusammengeschlossenen Vereine und Einrichtungen, der DGB und seine Mitgliedsgewerkschaften sowie viele weitere f\u00fcr kommenden <strong>Sonntag, 29. Januar<\/strong>, zu einer <strong>Gegenkundgebung<\/strong> eingeladen haben.<\/p>\n<p>Die Oberhausener SPD wird sich ebenfalls an der Gegendemonstration beteiligen und ruft ihre Mitglieder auf, <strong>ab 07.30 Uhr<\/strong> in den <strong>Wilhelm-Meinicke-Park vor der Luise-Albertz-Halle<\/strong> zu kommen.<\/p>\n<p>Da unser Parteib\u00fcro, Schwartzstra\u00dfe 52, in unmittelbarer N\u00e4he der Gegendemonstration gelegen ist, wird die <strong>SPD-Gesch\u00e4ftsstelle ab 7.30 Uhr \u00f6ffnen<\/strong>, um die Teilnehmerinnen und Teilnehmer der Gegendemonstrationen mit <strong>hei\u00dfen Getr\u00e4nken<\/strong> zu versorgen.<\/p>\n","protected":false},"excerpt":{"rendered":"<p>Die Oberhausener SPD beteiligt sich an der Gegendemonstration zum AfD-Parteitag. Die SPD-Gesch\u00e4ftsstelle wird \u00f6ffnen und die Teilnehmerinnen und Teilnehmer der Gegendemonstration ab 07.30 Uhr mit hei\u00dfen Getr\u00e4nken versorgen. Wir Oberhausener&hellip; <\/p>\n","protected":false},"author":1,"featured_media":0,"comment_status":"closed","ping_status":"closed","sticky":false,"template":"","format":"standard","meta":{"footnotes":""},"categories":[404],"tags":[1098,1118,1099,1119],"quellen":[327],"class_list":["post-3927","post","type-post","status-publish","format-standard","hentry","category-gemeinsam-gegen-rechts","tag-afd","tag-afd-parteitag","tag-luise-albertz-halle","tag-spd-geschaeftsstelle","quellen-spd-unterbezirk-oberhausen"],"_links":{"self":[{"href":"https:\/\/meier-gerdingh.de\/wp-spd-ob\/wp-json\/wp\/v2\/posts\/3927","targetHints":{"allow":["GET"]}}],"collection":[{"href":"https:\/\/meier-gerdingh.de\/wp-spd-ob\/wp-json\/wp\/v2\/posts"}],"about":[{"href":"https:\/\/meier-gerdingh.de\/wp-spd-ob\/wp-json\/wp\/v2\/types\/post"}],"author":[{"embeddable":true,"href":"https:\/\/meier-gerdingh.de\/wp-spd-ob\/wp-json\/wp\/v2\/users\/1"}],"replies":[{"embeddable":true,"href":"https:\/\/meier-gerdingh.de\/wp-spd-ob\/wp-json\/wp\/v2\/comments?post=3927"}],"version-history":[{"count":0,"href":"https:\/\/meier-gerdingh.de\/wp-spd-ob\/wp-json\/wp\/v2\/posts\/3927\/revisions"}],"wp:attachment":[{"href":"https:\/\/meier-gerdingh.de\/wp-spd-ob\/wp-json\/wp\/v2\/media?parent=3927"}],"wp:term":[{"taxonomy":"category","embeddable":true,"href":"https:\/\/meier-gerdingh.de\/wp-spd-ob\/wp-json\/wp\/v2\/categories?post=3927"},{"taxonomy":"post_tag","embeddable":true,"href":"https:\/\/meier-gerdingh.de\/wp-spd-ob\/wp-json\/wp\/v2\/tags?post=3927"},{"taxonomy":"quellen","embeddable":true,"href":"https:\/\/meier-gerdingh.de\/wp-spd-ob\/wp-json\/wp\/v2\/quellen?post=3927"}],"curies":[{"name":"wp","href":"https:\/\/api.w.org\/{rel}","templated":true}]}}