{"id":3947,"date":"2017-02-03T08:35:11","date_gmt":"2017-02-03T07:35:11","guid":{"rendered":"http:\/\/meier-gerdingh.de\/wp-spd-ob\/?p=3947"},"modified":"2017-02-09T13:36:28","modified_gmt":"2017-02-09T12:36:28","slug":"ralf-stegner-besucht-stadtteilprojekt-bebelstrasse","status":"publish","type":"post","link":"https:\/\/meier-gerdingh.de\/wp-spd-ob\/2017\/02\/03\/ralf-stegner-besucht-stadtteilprojekt-bebelstrasse\/","title":{"rendered":"Ralf Stegner besucht Stadtteilprojekt Bebelstra\u00dfe"},"content":{"rendered":"<div id=\"attachment_3946\" style=\"width: 250px\" class=\"wp-caption alignleft\"><a href=\"http:\/\/meier-gerdingh.de\/wp-spd-ob\/wp-content\/uploads\/2017\/02\/stegner_ralf_2016.jpg\"><img aria-describedby=\"caption-attachment-3946\" decoding=\"async\" class=\"size-full wp-image-3946\" src=\"http:\/\/meier-gerdingh.de\/wp-spd-ob\/wp-content\/uploads\/2017\/02\/stegner_ralf_2016.jpg\" alt=\"Ralf Stegner ist stellvertretender Bundesvorsitzender der SPD\" width=\"240\" height=\"328\" srcset=\"https:\/\/meier-gerdingh.de\/wp-spd-ob\/wp-content\/uploads\/2017\/02\/stegner_ralf_2016.jpg 240w, https:\/\/meier-gerdingh.de\/wp-spd-ob\/wp-content\/uploads\/2017\/02\/stegner_ralf_2016-220x300.jpg 220w\" sizes=\"(max-width: 240px) 100vw, 240px\" \/><\/a><p id=\"caption-attachment-3946\" class=\"wp-caption-text\">Ralf Stegner ist stellvertretender Bundesvorsitzender der SPD<\/p><\/div>\n<p>Am kommenden <strong>Dienstag, 07.02.2017, von 15.00 bis 16.30 Uhr<\/strong>, wird der stellvertretende Bundesvorsitzende der SPD, <strong>Ralf Stegner<\/strong>, nach Oberhausen kommen. Gemeinsam mit Mitgliedern des Vorstandes der Oberhausener SPD und der Oberhausener SPD-Ratsfraktion wird er das <strong>Stadtteilprojekt Bebelstra\u00dfe<\/strong> besuchen.<!--more--><\/p>\n<p>Das &#8222;Stadtteilprojekt Bebelstra\u00dfe&#8220; ist in der sogenannten &#8222;City West&#8220; angesiedelt und wird vom &#8222;Zentrum f\u00fcr Ausbildung und berufliche Qualifikation&#8220; (ZAQ) Oberhausen e.V. betrieben und richtet sich an sozial schw\u00e4chere, bed\u00fcrftige und benachteiligten Personengruppen der Siedlung.<\/p>\n<p>Seit Juli 2011 ist das Projekt eine vom Bundesamt f\u00fcr Migration und Fl\u00fcchtlinge (BAMF) gef\u00f6rderte Migrationsberatung f\u00fcr erwachsene Zuwanderer, wo diese von hauptberuflichen Migrationsberatern individuell beraten und aktiv auf dem Weg in das neue Lebensumfeld begleitet werden.<\/p>\n<p>Im Rahmen des Besuchstermins sollen folgende <strong>Themen<\/strong> er\u00f6rtert werden:<\/p>\n<ul>\n<li>Wo liegen die aktuellen Herausforderungen in der Fl\u00fcchtlingspolitik?<\/li>\n<li>Wie gestaltet sich die Zusammenarbeit mit dem Bundesamt f\u00fcr Migration und Fl\u00fcchtlinge?<\/li>\n<li>Wie viele Fl\u00fcchtlinge und Zuwanderer werden vor Ort betreut?<\/li>\n<li>Wo liegen Integrationshemmnisse?<\/li>\n<li>Wo zeigen sich Erfolge?<\/li>\n<li>Wo kann das Land notwendige Weichenstellungen vornehmen?<\/li>\n<\/ul>\n<p><strong>TERMIN:<\/strong><br \/>\n<strong>Dienstag\u00a0\u00a0|\u00a0\u00a007.02.2017\u00a0\u00a0|\u00a0\u00a015.00 Uhr<br \/>\nWohnpark Bebelstra\u00dfe\u00a0\u00a0|\u00a0\u00a0Bebelstr. 35  |  46049 Oberhausen<\/strong><\/p>\n","protected":false},"excerpt":{"rendered":"<p>Am kommenden Dienstag, 07.02.2017, von 15.00 bis 16.30 Uhr, wird der stellvertretende Bundesvorsitzende der SPD, Ralf Stegner, nach Oberhausen kommen. Gemeinsam mit Mitgliedern des Vorstandes der Oberhausener SPD und der&hellip; <\/p>\n","protected":false},"author":1,"featured_media":0,"comment_status":"closed","ping_status":"closed","sticky":false,"template":"","format":"standard","meta":{"footnotes":""},"categories":[61,167],"tags":[1123,209,1121,1122,1124,1125],"quellen":[327],"class_list":["post-3947","post","type-post","status-publish","format-standard","hentry","category-integration","category-stadtteile","tag-city-west","tag-fluechtlinge","tag-ralf-stegner","tag-stadtteilprokjekt-bebelstrasse","tag-zaq","tag-zuwanderer","quellen-spd-unterbezirk-oberhausen"],"_links":{"self":[{"href":"https:\/\/meier-gerdingh.de\/wp-spd-ob\/wp-json\/wp\/v2\/posts\/3947","targetHints":{"allow":["GET"]}}],"collection":[{"href":"https:\/\/meier-gerdingh.de\/wp-spd-ob\/wp-json\/wp\/v2\/posts"}],"about":[{"href":"https:\/\/meier-gerdingh.de\/wp-spd-ob\/wp-json\/wp\/v2\/types\/post"}],"author":[{"embeddable":true,"href":"https:\/\/meier-gerdingh.de\/wp-spd-ob\/wp-json\/wp\/v2\/users\/1"}],"replies":[{"embeddable":true,"href":"https:\/\/meier-gerdingh.de\/wp-spd-ob\/wp-json\/wp\/v2\/comments?post=3947"}],"version-history":[{"count":0,"href":"https:\/\/meier-gerdingh.de\/wp-spd-ob\/wp-json\/wp\/v2\/posts\/3947\/revisions"}],"wp:attachment":[{"href":"https:\/\/meier-gerdingh.de\/wp-spd-ob\/wp-json\/wp\/v2\/media?parent=3947"}],"wp:term":[{"taxonomy":"category","embeddable":true,"href":"https:\/\/meier-gerdingh.de\/wp-spd-ob\/wp-json\/wp\/v2\/categories?post=3947"},{"taxonomy":"post_tag","embeddable":true,"href":"https:\/\/meier-gerdingh.de\/wp-spd-ob\/wp-json\/wp\/v2\/tags?post=3947"},{"taxonomy":"quellen","embeddable":true,"href":"https:\/\/meier-gerdingh.de\/wp-spd-ob\/wp-json\/wp\/v2\/quellen?post=3947"}],"curies":[{"name":"wp","href":"https:\/\/api.w.org\/{rel}","templated":true}]}}