{"id":395,"date":"2004-12-09T17:00:00","date_gmt":"2004-12-09T15:00:00","guid":{"rendered":"http:\/\/www.meier-gerdingh.de\/spd-oberhausen\/wp\/?p=395"},"modified":"2017-05-14T13:09:03","modified_gmt":"2017-05-14T11:09:03","slug":"oberhausener-spd-stadtverordneter-klaus-koesling-uebernimmt-zentrale-aufgaben","status":"publish","type":"post","link":"https:\/\/meier-gerdingh.de\/wp-spd-ob\/2004\/12\/09\/oberhausener-spd-stadtverordneter-klaus-koesling-uebernimmt-zentrale-aufgaben\/","title":{"rendered":"Oberhausener SPD-Stadtverordneter Klaus K\u00f6sling \u00fcbernimmt zentrale Aufgaben"},"content":{"rendered":"<div style=\"width: 150px\" class=\"wp-caption alignleft\"><a href=\"http:\/\/meier-gerdingh.de\/wp-spd-ob\/wp-content\/uploads\/koesling_klaus.jpg\"><img decoding=\"async\" class=\"size-full\" src=\"http:\/\/meier-gerdingh.de\/wp-spd-ob\/wp-content\/uploads\/koesling_klaus.jpg\" alt=\"Klaus K\u00f6sling: Mitglied der Verbandsversammlung beim Landschaftsverband Rheinland\" width=\"140\" height=\"191\" \/><\/a><p class=\"wp-caption-text\">Klaus K\u00f6sling: Mitglied der Verbandsversammlung beim Landschaftsverband Rheinland<\/p><\/div>\n<p>Wichtige personelle Weichenstellungen f\u00fcr die Arbeit in der bevorstehenden Legislaturperiode hat die SPD-Fraktion im Landschaftsverband Rheinland in einer Klausurtagung am vergangenen Wochenende getroffen. Der Oberhausener SPD-Stadtverordnete Klaus K\u00f6sling wird danach wichtige und zentrale Funktionen \u00fcbernehmen. Neben der Wahl zum Mitglied des Vorstandes seiner Fraktion im Landschaftsverband wurde Klaus K\u00f6sling mit einer weiteren wichtigen Aufgabe betraut: Als Arbeitskreisleiter &#8222;Bau&#8220; wird K\u00f6sling auch Sprecher f\u00fcr die SPD-Fraktion im Bauausschuss werden.<!--more--><\/p>\n<p>Dar\u00fcber hinaus ist der Oberhausener Sozialdemokrat zum ordentlichen Mitglied des Finanz- und Vergabeausschusses berufen worden, im Landschaftsausschuss, im Umwelt- und Rechnungspr\u00fcfungsausschuss wird K\u00f6sling als stellvertretendes Ausschussmitglied in K\u00f6ln t\u00e4tig sein.<\/p>\n<p>&#8222;Damit,&#8220; so zeigt sich der Oberhausener SPD-Fraktionsvorsitzende Wolfgang Gro\u00dfe Br\u00f6mer mit diesen Entscheidungen sehr zufrieden, &#8222;hat Oberhausen einen kompetenten Sachanwalt in exponierten Funktionen beim Landschaftsverband.&#8220;<\/p>\n","protected":false},"excerpt":{"rendered":"<p>Wichtige personelle Weichenstellungen f\u00fcr die Arbeit in der bevorstehenden Legislaturperiode hat die SPD-Fraktion im Landschaftsverband Rheinland in einer Klausurtagung am vergangenen Wochenende getroffen. Der Oberhausener SPD-Stadtverordnete Klaus K\u00f6sling wird danach&hellip; <\/p>\n","protected":false},"author":1,"featured_media":0,"comment_status":"closed","ping_status":"closed","sticky":false,"template":"","format":"standard","meta":{"footnotes":""},"categories":[1],"tags":[],"quellen":[],"class_list":["post-395","post","type-post","status-publish","format-standard","hentry","category-allgemein"],"_links":{"self":[{"href":"https:\/\/meier-gerdingh.de\/wp-spd-ob\/wp-json\/wp\/v2\/posts\/395","targetHints":{"allow":["GET"]}}],"collection":[{"href":"https:\/\/meier-gerdingh.de\/wp-spd-ob\/wp-json\/wp\/v2\/posts"}],"about":[{"href":"https:\/\/meier-gerdingh.de\/wp-spd-ob\/wp-json\/wp\/v2\/types\/post"}],"author":[{"embeddable":true,"href":"https:\/\/meier-gerdingh.de\/wp-spd-ob\/wp-json\/wp\/v2\/users\/1"}],"replies":[{"embeddable":true,"href":"https:\/\/meier-gerdingh.de\/wp-spd-ob\/wp-json\/wp\/v2\/comments?post=395"}],"version-history":[{"count":0,"href":"https:\/\/meier-gerdingh.de\/wp-spd-ob\/wp-json\/wp\/v2\/posts\/395\/revisions"}],"wp:attachment":[{"href":"https:\/\/meier-gerdingh.de\/wp-spd-ob\/wp-json\/wp\/v2\/media?parent=395"}],"wp:term":[{"taxonomy":"category","embeddable":true,"href":"https:\/\/meier-gerdingh.de\/wp-spd-ob\/wp-json\/wp\/v2\/categories?post=395"},{"taxonomy":"post_tag","embeddable":true,"href":"https:\/\/meier-gerdingh.de\/wp-spd-ob\/wp-json\/wp\/v2\/tags?post=395"},{"taxonomy":"quellen","embeddable":true,"href":"https:\/\/meier-gerdingh.de\/wp-spd-ob\/wp-json\/wp\/v2\/quellen?post=395"}],"curies":[{"name":"wp","href":"https:\/\/api.w.org\/{rel}","templated":true}]}}