{"id":3950,"date":"2017-02-07T15:20:12","date_gmt":"2017-02-07T14:20:12","guid":{"rendered":"http:\/\/meier-gerdingh.de\/wp-spd-ob\/?p=3950"},"modified":"2017-02-07T15:20:12","modified_gmt":"2017-02-07T14:20:12","slug":"oberhausener-spd-laedt-bundesvize-ralf-stegner-aus","status":"publish","type":"post","link":"https:\/\/meier-gerdingh.de\/wp-spd-ob\/2017\/02\/07\/oberhausener-spd-laedt-bundesvize-ralf-stegner-aus\/","title":{"rendered":"Oberhausener SPD l\u00e4dt Bundesvize Ralf Stegner aus"},"content":{"rendered":"<p>Die Spitze des SPD-Unterbezirks Oberhausen hat heute kurzfristig den stellvertretenden SPD-Bundesvorsitzenden Ralf Stegner ausgeladen. Stegner sollte sich eigentlich am heutigen Nachmittag gemeinsam mit Oberhausens Parteichef Dirk V\u00f6pel und der stellvertretenden UB-Vorsitzenden Sonja Bongers \u00fcber das Stadtteilprojekt Bebelstra\u00dfe informieren. Der Termin findet nun ohne Ralf Stegner statt.<!--more--><\/p>\n<p>Grund f\u00fcr die Ausladung ist der uns\u00e4gliche Beitrag, den Ralf Stegner am vergangenen Sonntagabend auf Twitter kurzzeitig ver\u00f6ffentlicht hatte. Dort hatte er ein Foto, auf dem auch die operative Chefin des Facebook-Konzerns zu sehen war, allen Ernstes mit den Worten kommentiert: &#8222;Und ich dachte, Frau Zsch\u00e4pe sei in U-Haft&#8220;.<\/p>\n<p>&#8222;Mir hat es regelrecht die Sprache verschlagen, als ich davon erfahren habe&#8220;, so Sonja Bongers. &#8222;Ein stellvertretender SPD-Vorsitzender, der mit der NSU-Zsch\u00e4pe \u00fcber eine amerikanische J\u00fcdin witzelt, das ist allerunterste Schublade und geht gar nicht.&#8220; In der engeren SPD-Spitze gl\u00fchten daraufhin die Telefondr\u00e4hte hei\u00df. &#8222;Wir waren uns alle einig, dass man auch nach der Entschuldigung von Ralf Stegner nicht einfach zur Tagesordnung \u00fcbergehen kann. Auf den Urheber einer solchen Geschmacklosigkeit kann die Oberhausener SPD getrost verzichten&#8220;, so Parteichef Dirk V\u00f6pel w\u00f6rtlich.<\/p>\n","protected":false},"excerpt":{"rendered":"<p>Die Spitze des SPD-Unterbezirks Oberhausen hat heute kurzfristig den stellvertretenden SPD-Bundesvorsitzenden Ralf Stegner ausgeladen. Stegner sollte sich eigentlich am heutigen Nachmittag gemeinsam mit Oberhausens Parteichef Dirk V\u00f6pel und der stellvertretenden&hellip; <\/p>\n","protected":false},"author":1,"featured_media":0,"comment_status":"closed","ping_status":"closed","sticky":false,"template":"","format":"standard","meta":{"footnotes":""},"categories":[171],"tags":[1121],"quellen":[327],"class_list":["post-3950","post","type-post","status-publish","format-standard","hentry","category-veranstaltungen","tag-ralf-stegner","quellen-spd-unterbezirk-oberhausen"],"_links":{"self":[{"href":"https:\/\/meier-gerdingh.de\/wp-spd-ob\/wp-json\/wp\/v2\/posts\/3950","targetHints":{"allow":["GET"]}}],"collection":[{"href":"https:\/\/meier-gerdingh.de\/wp-spd-ob\/wp-json\/wp\/v2\/posts"}],"about":[{"href":"https:\/\/meier-gerdingh.de\/wp-spd-ob\/wp-json\/wp\/v2\/types\/post"}],"author":[{"embeddable":true,"href":"https:\/\/meier-gerdingh.de\/wp-spd-ob\/wp-json\/wp\/v2\/users\/1"}],"replies":[{"embeddable":true,"href":"https:\/\/meier-gerdingh.de\/wp-spd-ob\/wp-json\/wp\/v2\/comments?post=3950"}],"version-history":[{"count":0,"href":"https:\/\/meier-gerdingh.de\/wp-spd-ob\/wp-json\/wp\/v2\/posts\/3950\/revisions"}],"wp:attachment":[{"href":"https:\/\/meier-gerdingh.de\/wp-spd-ob\/wp-json\/wp\/v2\/media?parent=3950"}],"wp:term":[{"taxonomy":"category","embeddable":true,"href":"https:\/\/meier-gerdingh.de\/wp-spd-ob\/wp-json\/wp\/v2\/categories?post=3950"},{"taxonomy":"post_tag","embeddable":true,"href":"https:\/\/meier-gerdingh.de\/wp-spd-ob\/wp-json\/wp\/v2\/tags?post=3950"},{"taxonomy":"quellen","embeddable":true,"href":"https:\/\/meier-gerdingh.de\/wp-spd-ob\/wp-json\/wp\/v2\/quellen?post=3950"}],"curies":[{"name":"wp","href":"https:\/\/api.w.org\/{rel}","templated":true}]}}