{"id":3956,"date":"2017-02-09T13:57:50","date_gmt":"2017-02-09T12:57:50","guid":{"rendered":"http:\/\/meier-gerdingh.de\/wp-spd-ob\/?p=3956"},"modified":"2017-02-09T13:57:50","modified_gmt":"2017-02-09T12:57:50","slug":"oberhausener-spd-besucht-stadtteilprojekt-bebelstrasse","status":"publish","type":"post","link":"https:\/\/meier-gerdingh.de\/wp-spd-ob\/2017\/02\/09\/oberhausener-spd-besucht-stadtteilprojekt-bebelstrasse\/","title":{"rendered":"Oberhausener SPD besucht Stadtteilprojekt Bebelstra\u00dfe"},"content":{"rendered":"<p>&#8222;Besser als der Ruf&#8220;, so lautete das Fazit des Besuchs von Mitgliedern des Vorstandes der Oberhausener SPD im &#8222;Wohnpark Bebelstra\u00dfe&#8220;. Am Dienstag besuchten der Vorsitzende der Oberhausener SPD, Dirk V\u00f6pel, und seine beiden Stellvertreter Sonja Bongers und J\u00f6rg Schr\u00f6er das Stadtteilprojekt Bebelstra\u00dfe in der &#8222;City West&#8220; in Lirich, um sich mit Heike Beier und Uwe Beier von der Arbeiterwohlfahrt (AWO) \u00fcber die Arbeit des Stadtteilprojekts und \u00fcber die Perspektiven des Stadtteils auszutauschen.<!--more--><\/p>\n<p>Uwe und Heike Beier stellten die vielf\u00e4ltige Arbeit der AWO in diesem Stadtteil dar, der sich durch einen hohen Anteil an \u00f6konomisch schwachen Bewohnern auszeichne. Die Klassifizierung als &#8222;sozialer Brennpunkt&#8220; sei jedoch irref\u00fchrend, denn ein Kriminalit\u00e4tsschwerpunkt sei die &#8222;City West&#8220; statistisch gesehen nicht.<\/p>\n<p>Die in der Vergangenheit durchgef\u00fchrten Wohnumfeldverbesserungen h\u00e4tten zu einer \u00d6ffnung des Stadtteils in die Nachbarschaft gef\u00fchrt. Allerdings biete die in die Jahre gekommene Bausubstanz Anlass zur Sorge. Hier sei nachhaltige Hilfe f\u00fcr die Mieter notwendig bei notwendigen Modernisierungen.<\/p>\n<p>Als positives Beispiel im Stadtteil wurde das Landesprogramm &#8222;NRW h\u00e4lt zusammen!&#8220; vorgestellt, in dessen Rahmen das \u00f6rtliche Familienzentrum mit der lokalen Grundschule Concordia kooperiert.<\/p>\n<p>Im weiteren Verlauf des Gespr\u00e4chs wurde \u00fcber die Situation der Beratungsstellen f\u00fcr Fl\u00fcchtlinge und erwachsene Zuwanderer gesprochen. Britta Karsch-Freudenberg, die f\u00fcr die AWO Fl\u00fcchtlinge ber\u00e4t, legte dar, dass die aktuelle Personalsituation unbefriedigend sei und in diesem Bereich mehr Personal notwendig w\u00e4re. <\/p>\n<p>Gut zwei Stunden dauerte der Austausch. Beim Abschied vereinbarten die Teilnehmer, sich \u00fcber das Programm &#8222;NRW h\u00e4lt zusammen!&#8220; weiter im Gespr\u00e4ch zu bleiben. Des Weiteren wurde angeboten, den Standort der AWO an der Styrumer Stra\u00dfe zu besuchen, wo die Beratungsangebote f\u00fcr erwachsene Zuwanderer konzentriert sind. &#8222;Dieses Angebot nehmen wir gerne an!&#8220;, so Sonja Bongers, Landtagskandidatin f\u00fcr den Landtagswahlkreis Alt-Oberhausen und Osterfeld.<\/p>\n","protected":false},"excerpt":{"rendered":"<p>&#8222;Besser als der Ruf&#8220;, so lautete das Fazit des Besuchs von Mitgliedern des Vorstandes der Oberhausener SPD im &#8222;Wohnpark Bebelstra\u00dfe&#8220;. Am Dienstag besuchten der Vorsitzende der Oberhausener SPD, Dirk V\u00f6pel,&hellip; <\/p>\n","protected":false},"author":1,"featured_media":0,"comment_status":"closed","ping_status":"closed","sticky":false,"template":"","format":"standard","meta":{"footnotes":""},"categories":[167],"tags":[874,1135,1123,1133,1134,1131,183,1132],"quellen":[327],"class_list":["post-3956","post","type-post","status-publish","format-standard","hentry","category-stadtteile","tag-arbeiterwohlfahrt","tag-awo","tag-city-west","tag-fluechtlingsberatung","tag-grundschule-concordia","tag-landesprogramm-nrw-haelt-zusammen","tag-lirich","tag-stadtteilprojekt-bebelstrasse","quellen-spd-unterbezirk-oberhausen"],"_links":{"self":[{"href":"https:\/\/meier-gerdingh.de\/wp-spd-ob\/wp-json\/wp\/v2\/posts\/3956","targetHints":{"allow":["GET"]}}],"collection":[{"href":"https:\/\/meier-gerdingh.de\/wp-spd-ob\/wp-json\/wp\/v2\/posts"}],"about":[{"href":"https:\/\/meier-gerdingh.de\/wp-spd-ob\/wp-json\/wp\/v2\/types\/post"}],"author":[{"embeddable":true,"href":"https:\/\/meier-gerdingh.de\/wp-spd-ob\/wp-json\/wp\/v2\/users\/1"}],"replies":[{"embeddable":true,"href":"https:\/\/meier-gerdingh.de\/wp-spd-ob\/wp-json\/wp\/v2\/comments?post=3956"}],"version-history":[{"count":0,"href":"https:\/\/meier-gerdingh.de\/wp-spd-ob\/wp-json\/wp\/v2\/posts\/3956\/revisions"}],"wp:attachment":[{"href":"https:\/\/meier-gerdingh.de\/wp-spd-ob\/wp-json\/wp\/v2\/media?parent=3956"}],"wp:term":[{"taxonomy":"category","embeddable":true,"href":"https:\/\/meier-gerdingh.de\/wp-spd-ob\/wp-json\/wp\/v2\/categories?post=3956"},{"taxonomy":"post_tag","embeddable":true,"href":"https:\/\/meier-gerdingh.de\/wp-spd-ob\/wp-json\/wp\/v2\/tags?post=3956"},{"taxonomy":"quellen","embeddable":true,"href":"https:\/\/meier-gerdingh.de\/wp-spd-ob\/wp-json\/wp\/v2\/quellen?post=3956"}],"curies":[{"name":"wp","href":"https:\/\/api.w.org\/{rel}","templated":true}]}}