{"id":3965,"date":"2017-02-16T08:21:12","date_gmt":"2017-02-16T07:21:12","guid":{"rendered":"http:\/\/meier-gerdingh.de\/wp-spd-ob\/?p=3965"},"modified":"2017-02-22T08:23:48","modified_gmt":"2017-02-22T07:23:48","slug":"wer-bestellt-muss-auch-bezahlen","status":"publish","type":"post","link":"https:\/\/meier-gerdingh.de\/wp-spd-ob\/2017\/02\/16\/wer-bestellt-muss-auch-bezahlen\/","title":{"rendered":"Wer bestellt, muss auch bezahlen"},"content":{"rendered":"<div id=\"attachment_1707\" style=\"width: 150px\" class=\"wp-caption alignleft\"><a href=\"http:\/\/meier-gerdingh.de\/wp-spd-ob\/wp-content\/uploads\/zimkeit_stefan_12.jpg\"><img aria-describedby=\"caption-attachment-1707\" decoding=\"async\" class=\"size-full wp-image-1707\" src=\"http:\/\/meier-gerdingh.de\/wp-spd-ob\/wp-content\/uploads\/zimkeit_stefan_12.jpg\" alt=\"Stefan Zimkeit ist Mitglied des Landtags von Nordrhein-Westfalen und finanzpolitischer Sprecher der SPD-Landtagsfraktion\" width=\"140\" height=\"169\" \/><\/a><p id=\"caption-attachment-1707\" class=\"wp-caption-text\">Stefan Zimkeit ist Mitglied des Landtags von Nordrhein-Westfalen und finanzpolitischer Sprecher der SPD-Landtagsfraktion<\/p><\/div>\n<p>&#8222;Wer bestellt, muss auch bezahlen&#8220; hat der Landtag auf Antrag von SPD und Gr\u00fcnen beschlossen. &#8222;Damit haben wir ein Forderung aufgegriffen, die gerade in Oberhausen oft und mit Recht erhoben wird&#8220;, sagt Stefan Zimkeit. Dies gelte insbesondere f\u00fcr Sozialausgaben, die im Bundestag beschlossen wurden. SPD-Ratsmitglied Sonja Bongers erg\u00e4nzt: &#8222;Damit w\u00fcrde sich die Finanzsituation auch in Oberhausen erheblich verbessern. Wir h\u00e4tten die M\u00f6glichkeit, Schulden abzubauen und gleichzeitig in Bildung und Infrastruktur zu investieren.&#8220;<!--more--><\/p>\n<p>&#8222;Bei uns in NRW gilt das in der Landesverfassung verankerte so genannte Konnexit\u00e4tsprinzip&#8220;, erl\u00e4utert Stefan Zimkeit. &#8222;Das schreibt vor, dass das Land die Kosten seiner Gesetze selbst zahlen muss und nicht auf die St\u00e4dte abw\u00e4lzen darf. Der Bund sollte diesem Beispiel folgen. Denn im Grundgesetz gibt es bisher leider keine entsprechende Regelung&#8220;, sagt der SPD-Finanzexperte.<\/p>\n<p>Bedauerlich findet Zimkeit, dass die CDU sich dieser Forderung nicht anschlie\u00dft. &#8222;Dass die NRW-CDU hier die Interessen des Bundesfinanzministers \u00fcber die Interessen der St\u00e4dte stellt, ist \u00e4rgerlich.&#8220; Noch schlimmer sei es, dass die Landtagsopposition eine Umverteilung von Geldern zu Gunsten des l\u00e4ndlichen Raums fordert. &#8222;Dies geht zu Lasten von Oberhausen.&#8220;<\/p>\n<p>Der Landtag m\u00f6chte jetzt erreichen, dass gemeinsam mit anderen Bundesl\u00e4ndern eine Bundesratsinitiative gestartet wird, die die Kommunen nachhaltig entlastet. &#8222;Zwar wurden auf Druck der SPD und der Bundesl\u00e4nder bereits einige Sozialausgaben zumindest teilweise von Berlin \u00fcbernommen&#8220;, so Zimkeit. &#8222;Das reicht aber nicht aus.&#8220;<\/p>\n<p>Allein der Anstieg der Wohnkosten f\u00fcr Hartz-IV-Empf\u00e4nger belaste die St\u00e4dte gerade im Ruhrgebiet in gro\u00dfem Ma\u00dfe. &#8222;So etwas muss der Bund finanzieren&#8220;, ist Stefan Zimkeit \u00fcberzeugt.<\/p>\n","protected":false},"excerpt":{"rendered":"<p>&#8222;Wer bestellt, muss auch bezahlen&#8220; hat der Landtag auf Antrag von SPD und Gr\u00fcnen beschlossen. &#8222;Damit haben wir ein Forderung aufgegriffen, die gerade in Oberhausen oft und mit Recht erhoben&hellip; <\/p>\n","protected":false},"author":1,"featured_media":0,"comment_status":"closed","ping_status":"closed","sticky":false,"template":"","format":"standard","meta":{"footnotes":""},"categories":[98],"tags":[14,1144,219,1014],"quellen":[331],"class_list":["post-3965","post","type-post","status-publish","format-standard","hentry","category-finanzen","tag-kommunalfinanzen","tag-konnexitaetsprinzip","tag-landtag-nrw","tag-sozialausgaben","quellen-mdl-stefan-zimkeit"],"_links":{"self":[{"href":"https:\/\/meier-gerdingh.de\/wp-spd-ob\/wp-json\/wp\/v2\/posts\/3965","targetHints":{"allow":["GET"]}}],"collection":[{"href":"https:\/\/meier-gerdingh.de\/wp-spd-ob\/wp-json\/wp\/v2\/posts"}],"about":[{"href":"https:\/\/meier-gerdingh.de\/wp-spd-ob\/wp-json\/wp\/v2\/types\/post"}],"author":[{"embeddable":true,"href":"https:\/\/meier-gerdingh.de\/wp-spd-ob\/wp-json\/wp\/v2\/users\/1"}],"replies":[{"embeddable":true,"href":"https:\/\/meier-gerdingh.de\/wp-spd-ob\/wp-json\/wp\/v2\/comments?post=3965"}],"version-history":[{"count":0,"href":"https:\/\/meier-gerdingh.de\/wp-spd-ob\/wp-json\/wp\/v2\/posts\/3965\/revisions"}],"wp:attachment":[{"href":"https:\/\/meier-gerdingh.de\/wp-spd-ob\/wp-json\/wp\/v2\/media?parent=3965"}],"wp:term":[{"taxonomy":"category","embeddable":true,"href":"https:\/\/meier-gerdingh.de\/wp-spd-ob\/wp-json\/wp\/v2\/categories?post=3965"},{"taxonomy":"post_tag","embeddable":true,"href":"https:\/\/meier-gerdingh.de\/wp-spd-ob\/wp-json\/wp\/v2\/tags?post=3965"},{"taxonomy":"quellen","embeddable":true,"href":"https:\/\/meier-gerdingh.de\/wp-spd-ob\/wp-json\/wp\/v2\/quellen?post=3965"}],"curies":[{"name":"wp","href":"https:\/\/api.w.org\/{rel}","templated":true}]}}